{"id":6189,"date":"2021-12-16T10:20:32","date_gmt":"2021-12-16T13:20:32","guid":{"rendered":"https:\/\/blogs.correiobraziliense.com.br\/capital-sa\/?p=6189"},"modified":"2021-12-17T09:49:49","modified_gmt":"2021-12-17T12:49:49","slug":"cdl-leva-a-ibaneis-demandas-para-fortalecer-setor-varejista","status":"publish","type":"post","link":"https:\/\/blogs.correiobraziliense.com.br\/capital-sa\/2021\/12\/16\/cdl-leva-a-ibaneis-demandas-para-fortalecer-setor-varejista\/","title":{"rendered":"CDL leva a Ibaneis demandas para fortalecer setor varejista"},"content":{"rendered":"<div>\n<h2><span style=\"font-size: 16px\">Por Samanta Sallum\u00a0<\/span><\/h2>\n<\/div>\n<div>\n<p>O presidente da C\u00e2mara de Dirigentes Lojistas do Distrito Federal (CDL-DF), Wagner Silveira Jr., e o vice-presidente, Eduardo Pereira, reuniram-se ontem com o governador Ibaneis Rocha, o secret\u00e1rio de Governo, Jos\u00e9 Humberto Pires; e o secret\u00e1rio de Economia, Andr\u00e9 Clemente; no Pal\u00e1cio do Buriti. A entidade pleiteou medidas de apoio ao com\u00e9rcio varejista, melhorias para o Setor de Ind\u00fastrias e Abastecimento e a cess\u00e3o de terreno localizado na \u00e1rea para constru\u00e7\u00e3o de uma creche custeada pela CDL-DF.<\/p>\n<\/div>\n<div><\/div>\n<div><\/div>\n<div><\/div>\n<div>\n<p>Entre as propostas, est\u00e3o o fim da substitui\u00e7\u00e3o tribut\u00e1ria para as empresas optantes pelo Simples Nacional e o aumento da faixa de faturamento do Simples Nacional para R$ 4,8 milh\u00f5es anuais, em conson\u00e2ncia com outros estados. A emiss\u00e3o de notas fiscais para o Distrito Federal das empresas que vendem por meio de marketplaces no pa\u00eds tamb\u00e9m foi um dos pontos importantes da reuni\u00e3o.<\/p>\n<\/div>\n<div><\/div>\n<div>\n<p>Por meio de of\u00edcio, a CDL-DF, em conjunto com Fibra, Codese, Sinduscon, Sindmac, Ademi, Asbraco e da Feira dos Importados de Bras\u00edlia (FIB), solicitou medidas para melhorar a seguran\u00e7a, a mobilidade e a infraestrutura do SIA, que concentra as sedes da maior parte do Produto Interno Bruto do DF.<\/p>\n<\/div>\n<div><\/div>\n<div><\/div>\n<div>\n<p class=\"p1\"><span class=\"s1\">\u201cFoi uma reuni\u00e3o muito produtiva. O governador Ibaneis e o secret\u00e1rio Andr\u00e9 Clemente se mostraram muito receptivos \u00e0s nossas demandas. Estamos otimistas que 2022 ser\u00e1 um ano mais prop\u00edcio \u00e0 recupera\u00e7\u00e3o do varejo e seu fortalecimento\u201d, disse o presidente da CDL, Wagner Silveira Jr.<\/span><\/p>\n<\/div>\n","protected":false},"excerpt":{"rendered":"<p>Por Samanta Sallum\u00a0 O presidente da C\u00e2mara de Dirigentes Lojistas do Distrito Federal (CDL-DF), Wagner Silveira Jr., e o vice-presidente, Eduardo Pereira, reuniram-se ontem com o governador Ibaneis Rocha, o secret\u00e1rio de Governo, Jos\u00e9 Humberto Pires; e o secret\u00e1rio de Economia, Andr\u00e9 Clemente; no Pal\u00e1cio do Buriti. A entidade pleiteou medidas de apoio ao com\u00e9rcio varejista, melhorias para o Setor [&hellip;]<\/p>\n","protected":false},"author":125,"featured_media":6192,"comment_status":"open","ping_status":"open","sticky":false,"template":"","format":"standard","meta":{"footnotes":""},"categories":[6],"tags":[644,640,641,642,643,555],"class_list":["post-6189","post","type-post","status-publish","format-standard","has-post-thumbnail","hentry","category-coluna-capital-s-a","tag-644","tag-cdldf","tag-comerciovarejista","tag-ibaneisrocha","tag-propostas","tag-reuniao"],"_links":{"self":[{"href":"https:\/\/blogs.correiobraziliense.com.br\/capital-sa\/wp-json\/wp\/v2\/posts\/6189","targetHints":{"allow":["GET"]}}],"collection":[{"href":"https:\/\/blogs.correiobraziliense.com.br\/capital-sa\/wp-json\/wp\/v2\/posts"}],"about":[{"href":"https:\/\/blogs.correiobraziliense.com.br\/capital-sa\/wp-json\/wp\/v2\/types\/post"}],"author":[{"embeddable":true,"href":"https:\/\/blogs.correiobraziliense.com.br\/capital-sa\/wp-json\/wp\/v2\/users\/125"}],"replies":[{"embeddable":true,"href":"https:\/\/blogs.correiobraziliense.com.br\/capital-sa\/wp-json\/wp\/v2\/comments?post=6189"}],"version-history":[{"count":13,"href":"https:\/\/blogs.correiobraziliense.com.br\/capital-sa\/wp-json\/wp\/v2\/posts\/6189\/revisions"}],"predecessor-version":[{"id":6207,"href":"https:\/\/blogs.correiobraziliense.com.br\/capital-sa\/wp-json\/wp\/v2\/posts\/6189\/revisions\/6207"}],"wp:featuredmedia":[{"embeddable":true,"href":"https:\/\/blogs.correiobraziliense.com.br\/capital-sa\/wp-json\/wp\/v2\/media\/6192"}],"wp:attachment":[{"href":"https:\/\/blogs.correiobraziliense.com.br\/capital-sa\/wp-json\/wp\/v2\/media?parent=6189"}],"wp:term":[{"taxonomy":"category","embeddable":true,"href":"https:\/\/blogs.correiobraziliense.com.br\/capital-sa\/wp-json\/wp\/v2\/categories?post=6189"},{"taxonomy":"post_tag","embeddable":true,"href":"https:\/\/blogs.correiobraziliense.com.br\/capital-sa\/wp-json\/wp\/v2\/tags?post=6189"}],"curies":[{"name":"wp","href":"https:\/\/api.w.org\/{rel}","templated":true}]}}