{"id":618,"date":"2020-11-16T08:30:03","date_gmt":"2020-11-16T11:30:03","guid":{"rendered":"https:\/\/blogs.correiobraziliense.com.br\/capital-sa\/?p=618"},"modified":"2020-11-16T09:44:01","modified_gmt":"2020-11-16T12:44:01","slug":"novidades-do-designer-jader-almeida-em-brasilia","status":"publish","type":"post","link":"https:\/\/blogs.correiobraziliense.com.br\/capital-sa\/2020\/11\/16\/novidades-do-designer-jader-almeida-em-brasilia\/","title":{"rendered":"Novidades do designer Jader Almeida em Bras\u00edlia"},"content":{"rendered":"<p>Depois de Florian\u00f3polis, sede da marca, Bras\u00edlia \u00e9 a primeira cidade no pa\u00eds a ter todas as linhas produzidas por um dos mais importantes profissionais do design contempor\u00e2neo. O premiado arquiteto Jader Almeida ter\u00e1 espa\u00e7o exclusivo na Hill House, no Shopping CasaPark.<br \/>\nJader Almeida, premiado internacionalmente, assina o leiaute dos espa\u00e7os que receber\u00e3o as linhas Lighting \u2013 ilumina\u00e7\u00e3o -, Living \u2013 estar, jantar e office \u2013 e Outdoor \u2013 jardim, piscina, praia, campo.<\/p>\n<p><img loading=\"lazy\" decoding=\"async\" class=\"aligncenter size-medium wp-image-624\" src=\"https:\/\/blogs.correiobraziliense.com.br\/capital-sa\/wp-content\/uploads\/sites\/59\/2020\/11\/48d565d0-c905-4d37-922a-6e7d8898fa11-300x198.jpg\" alt=\"\" width=\"300\" height=\"198\" srcset=\"https:\/\/blogs.correiobraziliense.com.br\/capital-sa\/wp-content\/uploads\/sites\/59\/2020\/11\/48d565d0-c905-4d37-922a-6e7d8898fa11-300x198.jpg 300w, https:\/\/blogs.correiobraziliense.com.br\/capital-sa\/wp-content\/uploads\/sites\/59\/2020\/11\/48d565d0-c905-4d37-922a-6e7d8898fa11-768x507.jpg 768w, https:\/\/blogs.correiobraziliense.com.br\/capital-sa\/wp-content\/uploads\/sites\/59\/2020\/11\/48d565d0-c905-4d37-922a-6e7d8898fa11.jpg 1024w, https:\/\/blogs.correiobraziliense.com.br\/capital-sa\/wp-content\/uploads\/sites\/59\/2020\/11\/48d565d0-c905-4d37-922a-6e7d8898fa11-800x528.jpg 800w, https:\/\/blogs.correiobraziliense.com.br\/capital-sa\/wp-content\/uploads\/sites\/59\/2020\/11\/48d565d0-c905-4d37-922a-6e7d8898fa11-550x363.jpg 550w, https:\/\/blogs.correiobraziliense.com.br\/capital-sa\/wp-content\/uploads\/sites\/59\/2020\/11\/48d565d0-c905-4d37-922a-6e7d8898fa11-230x152.jpg 230w\" sizes=\"auto, (max-width: 300px) 100vw, 300px\" \/><img loading=\"lazy\" decoding=\"async\" class=\"aligncenter size-medium wp-image-622\" src=\"https:\/\/blogs.correiobraziliense.com.br\/capital-sa\/wp-content\/uploads\/sites\/59\/2020\/11\/58c6d761-4bfb-49fb-b312-694fc36dac68-300x203.jpg\" alt=\"\" width=\"300\" height=\"203\" srcset=\"https:\/\/blogs.correiobraziliense.com.br\/capital-sa\/wp-content\/uploads\/sites\/59\/2020\/11\/58c6d761-4bfb-49fb-b312-694fc36dac68-300x203.jpg 300w, https:\/\/blogs.correiobraziliense.com.br\/capital-sa\/wp-content\/uploads\/sites\/59\/2020\/11\/58c6d761-4bfb-49fb-b312-694fc36dac68-768x521.jpg 768w, https:\/\/blogs.correiobraziliense.com.br\/capital-sa\/wp-content\/uploads\/sites\/59\/2020\/11\/58c6d761-4bfb-49fb-b312-694fc36dac68.jpg 1024w, https:\/\/blogs.correiobraziliense.com.br\/capital-sa\/wp-content\/uploads\/sites\/59\/2020\/11\/58c6d761-4bfb-49fb-b312-694fc36dac68-800x542.jpg 800w, https:\/\/blogs.correiobraziliense.com.br\/capital-sa\/wp-content\/uploads\/sites\/59\/2020\/11\/58c6d761-4bfb-49fb-b312-694fc36dac68-550x373.jpg 550w, https:\/\/blogs.correiobraziliense.com.br\/capital-sa\/wp-content\/uploads\/sites\/59\/2020\/11\/58c6d761-4bfb-49fb-b312-694fc36dac68-230x156.jpg 230w\" sizes=\"auto, (max-width: 300px) 100vw, 300px\" \/><\/p>\n<p>&nbsp;<\/p>\n<p><strong>Exclusividade<\/strong><\/p>\n<blockquote><p>\u201cCriamos um ambiente de experimenta\u00e7\u00e3o da marca, no qual os clientes, arquitetos e designers poder\u00e3o conhecer e vivenciar as cria\u00e7\u00f5es do Jader\u201d, conta <strong>Carlos Alberto Oliveira<\/strong>, dono da Hill House, que det\u00e9m a exclusividade de revenda da marca.<\/p><\/blockquote>\n<p><img loading=\"lazy\" decoding=\"async\" class=\"aligncenter size-medium wp-image-619\" src=\"https:\/\/blogs.correiobraziliense.com.br\/capital-sa\/wp-content\/uploads\/sites\/59\/2020\/11\/41b60a28-96b8-4549-857b-1709e0f9f660-300x200.jpg\" alt=\"\" width=\"300\" height=\"200\" srcset=\"https:\/\/blogs.correiobraziliense.com.br\/capital-sa\/wp-content\/uploads\/sites\/59\/2020\/11\/41b60a28-96b8-4549-857b-1709e0f9f660-300x200.jpg 300w, https:\/\/blogs.correiobraziliense.com.br\/capital-sa\/wp-content\/uploads\/sites\/59\/2020\/11\/41b60a28-96b8-4549-857b-1709e0f9f660-768x512.jpg 768w, https:\/\/blogs.correiobraziliense.com.br\/capital-sa\/wp-content\/uploads\/sites\/59\/2020\/11\/41b60a28-96b8-4549-857b-1709e0f9f660.jpg 1024w, https:\/\/blogs.correiobraziliense.com.br\/capital-sa\/wp-content\/uploads\/sites\/59\/2020\/11\/41b60a28-96b8-4549-857b-1709e0f9f660-800x533.jpg 800w, https:\/\/blogs.correiobraziliense.com.br\/capital-sa\/wp-content\/uploads\/sites\/59\/2020\/11\/41b60a28-96b8-4549-857b-1709e0f9f660-550x366.jpg 550w, https:\/\/blogs.correiobraziliense.com.br\/capital-sa\/wp-content\/uploads\/sites\/59\/2020\/11\/41b60a28-96b8-4549-857b-1709e0f9f660-230x153.jpg 230w\" sizes=\"auto, (max-width: 300px) 100vw, 300px\" \/><\/p>\n<p>&nbsp;<\/p>\n<p><strong>Novo showroom<\/strong><br \/>\nA inaugura\u00e7\u00e3o do showroom ser\u00e1 de 26 a 28 de novembro para convidados. Devido \u00e0 pandemia, as novidades ser\u00e3o apresentadas para pequenos grupos, com a presen\u00e7a do designer. Segundo ele, Bras\u00edlia \u00e9 muito importante para a marca, porque conta com um p\u00fablico bastante interessado em design. Com mais esse espa\u00e7o, a Hill House amplia a \u00e1rea e vai ocupar 1.400m\u00b2 no CasaPark, onde outras marcas, como S\u00e9rgio Rodrigues e Zanini, tamb\u00e9m estar\u00e3o expostas.<\/p>\n","protected":false},"excerpt":{"rendered":"<p>Depois de Florian\u00f3polis, sede da marca, Bras\u00edlia \u00e9 a primeira cidade no pa\u00eds a ter todas as linhas produzidas por um dos mais importantes profissionais do design contempor\u00e2neo. O premiado arquiteto Jader Almeida ter\u00e1 espa\u00e7o exclusivo na Hill House, no Shopping CasaPark. Jader Almeida, premiado internacionalmente, assina o leiaute dos espa\u00e7os que receber\u00e3o as linhas Lighting \u2013 ilumina\u00e7\u00e3o -, Living [&hellip;]<\/p>\n","protected":false},"author":125,"featured_media":628,"comment_status":"open","ping_status":"open","sticky":false,"template":"","format":"standard","meta":{"footnotes":""},"categories":[6],"tags":[92,91],"class_list":["post-618","post","type-post","status-publish","format-standard","has-post-thumbnail","hentry","category-coluna-capital-s-a","tag-arquitetura","tag-jaderalmeida-hillhouse-casapark-showroon-design"],"_links":{"self":[{"href":"https:\/\/blogs.correiobraziliense.com.br\/capital-sa\/wp-json\/wp\/v2\/posts\/618","targetHints":{"allow":["GET"]}}],"collection":[{"href":"https:\/\/blogs.correiobraziliense.com.br\/capital-sa\/wp-json\/wp\/v2\/posts"}],"about":[{"href":"https:\/\/blogs.correiobraziliense.com.br\/capital-sa\/wp-json\/wp\/v2\/types\/post"}],"author":[{"embeddable":true,"href":"https:\/\/blogs.correiobraziliense.com.br\/capital-sa\/wp-json\/wp\/v2\/users\/125"}],"replies":[{"embeddable":true,"href":"https:\/\/blogs.correiobraziliense.com.br\/capital-sa\/wp-json\/wp\/v2\/comments?post=618"}],"version-history":[{"count":6,"href":"https:\/\/blogs.correiobraziliense.com.br\/capital-sa\/wp-json\/wp\/v2\/posts\/618\/revisions"}],"predecessor-version":[{"id":627,"href":"https:\/\/blogs.correiobraziliense.com.br\/capital-sa\/wp-json\/wp\/v2\/posts\/618\/revisions\/627"}],"wp:featuredmedia":[{"embeddable":true,"href":"https:\/\/blogs.correiobraziliense.com.br\/capital-sa\/wp-json\/wp\/v2\/media\/628"}],"wp:attachment":[{"href":"https:\/\/blogs.correiobraziliense.com.br\/capital-sa\/wp-json\/wp\/v2\/media?parent=618"}],"wp:term":[{"taxonomy":"category","embeddable":true,"href":"https:\/\/blogs.correiobraziliense.com.br\/capital-sa\/wp-json\/wp\/v2\/categories?post=618"},{"taxonomy":"post_tag","embeddable":true,"href":"https:\/\/blogs.correiobraziliense.com.br\/capital-sa\/wp-json\/wp\/v2\/tags?post=618"}],"curies":[{"name":"wp","href":"https:\/\/api.w.org\/{rel}","templated":true}]}}