{"id":6178,"date":"2021-12-16T09:32:41","date_gmt":"2021-12-16T12:32:41","guid":{"rendered":"https:\/\/blogs.correiobraziliense.com.br\/capital-sa\/?p=6178"},"modified":"2021-12-17T09:46:58","modified_gmt":"2021-12-17T12:46:58","slug":"conselhos-comunitarios-promovem-debate-hoje-sobre-luos-e-pdot","status":"publish","type":"post","link":"https:\/\/blogs.correiobraziliense.com.br\/capital-sa\/2021\/12\/16\/conselhos-comunitarios-promovem-debate-hoje-sobre-luos-e-pdot\/","title":{"rendered":"Conselhos Comunit\u00e1rios promovem debate hoje sobre Luos e Pdot"},"content":{"rendered":"<div>Por Samanta Sallum<\/div>\n<div><\/div>\n<div>\n<p>A Uni\u00e3o dos Conselhos Comunit\u00e1rios do DF (UCCDF)\u00a0 vai iniciar um ciclo de debates, e a primeira rodada ocorre\u00a0hoje, \u00e0s 18h, no canal do YouTube da entidade. Especialistas em urbanismo v\u00e3o\u00a0esclarecer as altera\u00e7\u00f5es da Lei de Uso e Ocupa\u00e7\u00e3o do Solo (Luos) e do Pdot.<\/p>\n<\/div>\n<div>O tema do encontro ser\u00e1 \u00a0\u201cUm futuro melhor para o DF depende de n\u00f3s\u201d. A media\u00e7\u00e3o do debate ser\u00e1 feita pela jornalista Marcia Zarur.<\/div>\n<div><\/div>\n<div><b><u>Preocupa\u00e7\u00e3o<\/u><\/b><\/div>\n<div><\/div>\n<div>A entidade re\u00fane representantes de moradores do Lago Sul, Lago Norte e Park Way que est\u00e3o preocupados com altera\u00e7\u00f5es previstas nos projetos. N\u00e3o aceitam que as caracter\u00edsticas residenciais dessas regi\u00f5es sejam amea\u00e7adas com a libera\u00e7\u00e3o de novas atividades comerciais.<\/div>\n","protected":false},"excerpt":{"rendered":"<p>Por Samanta Sallum A Uni\u00e3o dos Conselhos Comunit\u00e1rios do DF (UCCDF)\u00a0 vai iniciar um ciclo de debates, e a primeira rodada ocorre\u00a0hoje, \u00e0s 18h, no canal do YouTube da entidade. Especialistas em urbanismo v\u00e3o\u00a0esclarecer as altera\u00e7\u00f5es da Lei de Uso e Ocupa\u00e7\u00e3o do Solo (Luos) e do Pdot. O tema do encontro ser\u00e1 \u00a0\u201cUm futuro melhor para o DF depende [&hellip;]<\/p>\n","protected":false},"author":125,"featured_media":6185,"comment_status":"open","ping_status":"open","sticky":false,"template":"","format":"standard","meta":{"footnotes":""},"categories":[6],"tags":[638,624,639,637,140],"class_list":["post-6178","post","type-post","status-publish","format-standard","has-post-thumbnail","hentry","category-coluna-capital-s-a","tag-debates","tag-luos","tag-pdot","tag-uccdf","tag-youtube"],"_links":{"self":[{"href":"https:\/\/blogs.correiobraziliense.com.br\/capital-sa\/wp-json\/wp\/v2\/posts\/6178","targetHints":{"allow":["GET"]}}],"collection":[{"href":"https:\/\/blogs.correiobraziliense.com.br\/capital-sa\/wp-json\/wp\/v2\/posts"}],"about":[{"href":"https:\/\/blogs.correiobraziliense.com.br\/capital-sa\/wp-json\/wp\/v2\/types\/post"}],"author":[{"embeddable":true,"href":"https:\/\/blogs.correiobraziliense.com.br\/capital-sa\/wp-json\/wp\/v2\/users\/125"}],"replies":[{"embeddable":true,"href":"https:\/\/blogs.correiobraziliense.com.br\/capital-sa\/wp-json\/wp\/v2\/comments?post=6178"}],"version-history":[{"count":10,"href":"https:\/\/blogs.correiobraziliense.com.br\/capital-sa\/wp-json\/wp\/v2\/posts\/6178\/revisions"}],"predecessor-version":[{"id":6205,"href":"https:\/\/blogs.correiobraziliense.com.br\/capital-sa\/wp-json\/wp\/v2\/posts\/6178\/revisions\/6205"}],"wp:featuredmedia":[{"embeddable":true,"href":"https:\/\/blogs.correiobraziliense.com.br\/capital-sa\/wp-json\/wp\/v2\/media\/6185"}],"wp:attachment":[{"href":"https:\/\/blogs.correiobraziliense.com.br\/capital-sa\/wp-json\/wp\/v2\/media?parent=6178"}],"wp:term":[{"taxonomy":"category","embeddable":true,"href":"https:\/\/blogs.correiobraziliense.com.br\/capital-sa\/wp-json\/wp\/v2\/categories?post=6178"},{"taxonomy":"post_tag","embeddable":true,"href":"https:\/\/blogs.correiobraziliense.com.br\/capital-sa\/wp-json\/wp\/v2\/tags?post=6178"}],"curies":[{"name":"wp","href":"https:\/\/api.w.org\/{rel}","templated":true}]}}