{"id":6122,"date":"2021-12-14T07:20:35","date_gmt":"2021-12-14T10:20:35","guid":{"rendered":"https:\/\/blogs.correiobraziliense.com.br\/capital-sa\/?p=6122"},"modified":"2021-12-14T09:16:24","modified_gmt":"2021-12-14T12:16:24","slug":"oab-moradores-de-condominios-e-setor-produtivo-se-unem-pela-aprovacao-da-luos","status":"publish","type":"post","link":"https:\/\/blogs.correiobraziliense.com.br\/capital-sa\/2021\/12\/14\/oab-moradores-de-condominios-e-setor-produtivo-se-unem-pela-aprovacao-da-luos\/","title":{"rendered":"OAB, moradores de condom\u00ednios e setor produtivo se unem pela aprova\u00e7\u00e3o da Luos"},"content":{"rendered":"<div><span style=\"font-size: large\">Por Samanta Sallum<\/span><\/div>\n<div><\/div>\n<div><span style=\"font-size: large\"><br \/>\nOito entidades no DF &#8211; incluindo OAB, representantes do setor produtivo e da sociedade civil &#8211;\u00a0 assinaram documento em defesa da aprova\u00e7\u00e3o, ainda este ano, da nova Lei de Uso e Ocupa\u00e7\u00e3o do Solo (Luos). O documento foi protocolado ontem na C\u00e2mara Legislativa e direcionado ao presidente da Casa, Rafael Prudente, e demais parlamentares.<br \/>\n<\/span><\/div>\n<div><span style=\"font-size: large\"><br \/>\nA proposta foi enviada pelo GDF, depois de aprovada pelo\u00a0Conplan e por audi\u00eancias p\u00fablicas, em dezembro de 2020. O objetivo era<\/span>\u00a0resolver \u00b4\u00b4uma s\u00e9rie de entraves que freiam o desenvolvimento econ\u00f4mico de Bras\u00edlia e seu Entorno\u201d.<\/div>\n<div><\/div>\n<div>Neste ano, s\u00f3 restam agora as sess\u00f5es de hoje e de quinta-feira para apreciar o texto, e ele n\u00e3o est\u00e1 previsto na pauta. Por isso, o grupo oficializou um apelo aos distritais.<\/div>\n<div><span style=\"font-size: large\">\u00a0<\/span><\/div>\n<div><span style=\"font-size: large\"><b>Votar o que \u00e9 consenso<\/b><\/span><\/div>\n<div><\/div>\n<div><span style=\"font-size: large\">Segundo o documento, ind\u00fastria, com\u00e9rcio, constru\u00e7\u00e3o civil, mercado imobili\u00e1rio, setor de servi\u00e7os, agricultura e pecu\u00e1ria da capital federal ser\u00e3o afetados negativamente se o projeto de lei n\u00e3o for apreciado em plen\u00e1rio.<br \/>\n<\/span><\/div>\n<div><\/div>\n<div><span style=\"font-size: large\">\u201dNessa\u00a0trajet\u00f3ria de di\u00e1logo t\u00e9cnico e republicano, o<\/span>\u00a0PLC j\u00e1 foi aprovado pelas 2 comiss\u00f5es de m\u00e9rito (Assuntos Fundi\u00e1rios e\u00a0 Desenvolvimento Econ\u00f4mico e Meio Ambiente), que re\u00fanem 10 deputados no total\u00b4\u00b4, apontam as entidades.<\/div>\n<div><\/div>\n<div><\/div>\n<div><\/div>\n<div>\u00a0Assim, elas sugerem que seja votada\u00a0pelo menos a parte do texto que j\u00e1 tem consenso e seja retirado, para discuss\u00f5es posteriores, o que n\u00e3o tem converg\u00eancia na C\u00e2mara.<\/div>\n<div><\/div>\n<div><b><br \/>\nPreju\u00edzos urban\u00edsticos<\/b><\/div>\n<div><\/div>\n<div><\/div>\n<div>O documento enumera os efeitos do adiamento da aprova\u00e7\u00e3o.\u00a0Entre eles: impossibilita a atualiza\u00e7\u00e3o dos mapas das regi\u00f5es administrativas com a inclus\u00e3o <span style=\"font-size: large\">de\u00a0<\/span>\u00e1reas regularizadas, como Vicente Pires, Mestre d&#8217;Armas, Araponga, Jardim Bot\u00e2nico, Grande Colorado e outros condom\u00ednios.<\/div>\n<div><\/div>\n<div><span style=\"font-size: large\"><b><br \/>\nEmpregos e arrecada\u00e7\u00e3o<\/b><\/span><\/div>\n<div><\/div>\n<div>\n<p>Tamb\u00e9m adia o in\u00edcio de novos projetos no mercado imobili\u00e1rio, impedindo a manuten\u00e7\u00e3o e a gera\u00e7\u00e3o de postos de trabalho formais. Segundo a Ademi, apenas nos escrit\u00f3rios de arquitetura associados\u00a0existem mais de 387 mil m\u00b2 em projetos represados. Isso representa R$ 2,18 bilh\u00f5es de Valor Geral de Vendas (VGV).<\/p>\n<p>A estimativa \u00e9 que, se aprovados, gerar\u00e3o mais de 18 mil novos empregos diretos, mais de R$ 1,3 bilh\u00e3o em impostos &#8211; dos quais R$ 65,4 milh\u00f5es em ITBI; e um investimento induzido no p\u00f3s-obra de cerca de R$ 785 milh\u00f5es.<\/p>\n<\/div>\n<div>Assinam o documento Sinduscon-DF, Codese-DF, Ademi, Sindicato da Habita\u00e7\u00e3o (Secovi-DF), Uni\u00e3o dos Condom\u00ednios Horizontais e associa\u00e7\u00f5es de moradores do DF (Unica DF), Federa\u00e7\u00e3o dos Inquilinos no DF, OAB -DF, entre outros.<\/div>\n<div><\/div>\n<div><\/div>\n<div><span style=\"font-size: large\">\u00a0<\/span><\/div>\n<div><span style=\"font-size: large\"><b>Bairro Jockey Clube<\/b><\/span><\/div>\n<div><\/div>\n<div>\n<p><span style=\"font-size: large\">As entidades alegam que a espera pela Luos impede a regulariza\u00e7\u00e3o de milhares de estabelecimentos comerciais, impactando a arrecada\u00e7\u00e3o de impostos. E\u00a0<\/span>inviabiliza a implanta\u00e7\u00e3o do novo bairro Jockey Clube, previsto para moradia de 60 mil pessoas.<\/p>\n<\/div>\n<div><\/div>\n<div><b><br \/>\nConselhos comunit\u00e1rios<\/b><\/div>\n<div><\/div>\n<div>Enquanto isso, a Uni\u00e3o dos Conselhos Comunit\u00e1rios do DF (UCCDF)\u00a0 tamb\u00e9m se mobiliza. Vai iniciar um ciclo de debates, e a primeira rodada ocorre\u00a0<a href=\"\/\/3\">na quinta-feira, \u00e0s 16h<\/a>, pelo canal do YouTube da entidade.<\/div>\n<div><\/div>\n<div>Especialistas em urbanismo v\u00e3o\u00a0esclarecer as altera\u00e7\u00f5es da Luos e Pdot. O tema ser\u00e1 \u00b4\u00b4\u00a0Um futuro melhor para o DF depende de n\u00f3s\u00b4\u00b4.<\/div>\n<div><\/div>\n<div>A entidade re\u00fane representantes de moradores do Lago Sul, Lago Norte e Park Way que est\u00e3o preocupados com as altera\u00e7\u00f5es e n\u00e3o aceitam que as caracter\u00edsticas residenciais dessas regi\u00f5es sejam amea\u00e7adas com a libera\u00e7\u00e3o de novas atividades comerciais.<\/div>\n","protected":false},"excerpt":{"rendered":"<p>Por Samanta Sallum Oito entidades no DF &#8211; incluindo OAB, representantes do setor produtivo e da sociedade civil &#8211;\u00a0 assinaram documento em defesa da aprova\u00e7\u00e3o, ainda este ano, da nova Lei de Uso e Ocupa\u00e7\u00e3o do Solo (Luos). O documento foi protocolado ontem na C\u00e2mara Legislativa e direcionado ao presidente da Casa, Rafael Prudente, e demais parlamentares. A proposta foi [&hellip;]<\/p>\n","protected":false},"author":125,"featured_media":6128,"comment_status":"open","ping_status":"open","sticky":false,"template":"","format":"standard","meta":{"footnotes":""},"categories":[6],"tags":[597,626,628,627,624,542,625],"class_list":["post-6122","post","type-post","status-publish","format-standard","has-post-thumbnail","hentry","category-coluna-capital-s-a","tag-arrecadacao","tag-camara","tag-conselhoscomunitarios","tag-jockeyclube","tag-luos","tag-moradia","tag-votacao"],"_links":{"self":[{"href":"https:\/\/blogs.correiobraziliense.com.br\/capital-sa\/wp-json\/wp\/v2\/posts\/6122","targetHints":{"allow":["GET"]}}],"collection":[{"href":"https:\/\/blogs.correiobraziliense.com.br\/capital-sa\/wp-json\/wp\/v2\/posts"}],"about":[{"href":"https:\/\/blogs.correiobraziliense.com.br\/capital-sa\/wp-json\/wp\/v2\/types\/post"}],"author":[{"embeddable":true,"href":"https:\/\/blogs.correiobraziliense.com.br\/capital-sa\/wp-json\/wp\/v2\/users\/125"}],"replies":[{"embeddable":true,"href":"https:\/\/blogs.correiobraziliense.com.br\/capital-sa\/wp-json\/wp\/v2\/comments?post=6122"}],"version-history":[{"count":19,"href":"https:\/\/blogs.correiobraziliense.com.br\/capital-sa\/wp-json\/wp\/v2\/posts\/6122\/revisions"}],"predecessor-version":[{"id":6142,"href":"https:\/\/blogs.correiobraziliense.com.br\/capital-sa\/wp-json\/wp\/v2\/posts\/6122\/revisions\/6142"}],"wp:featuredmedia":[{"embeddable":true,"href":"https:\/\/blogs.correiobraziliense.com.br\/capital-sa\/wp-json\/wp\/v2\/media\/6128"}],"wp:attachment":[{"href":"https:\/\/blogs.correiobraziliense.com.br\/capital-sa\/wp-json\/wp\/v2\/media?parent=6122"}],"wp:term":[{"taxonomy":"category","embeddable":true,"href":"https:\/\/blogs.correiobraziliense.com.br\/capital-sa\/wp-json\/wp\/v2\/categories?post=6122"},{"taxonomy":"post_tag","embeddable":true,"href":"https:\/\/blogs.correiobraziliense.com.br\/capital-sa\/wp-json\/wp\/v2\/tags?post=6122"}],"curies":[{"name":"wp","href":"https:\/\/api.w.org\/{rel}","templated":true}]}}