{"id":6114,"date":"2021-12-13T02:11:42","date_gmt":"2021-12-13T05:11:42","guid":{"rendered":"https:\/\/blogs.correiobraziliense.com.br\/capital-sa\/?p=6114"},"modified":"2021-12-14T09:20:33","modified_gmt":"2021-12-14T12:20:33","slug":"refis-entra-pauta-de-votacao-nacional-e-local","status":"publish","type":"post","link":"https:\/\/blogs.correiobraziliense.com.br\/capital-sa\/2021\/12\/13\/refis-entra-pauta-de-votacao-nacional-e-local\/","title":{"rendered":"Refis entra na pauta de vota\u00e7\u00e3o nacional e local"},"content":{"rendered":"<p class=\"p1\">Por Samanta Sallum<\/p>\n<p class=\"p1\"><span class=\"s1\">O Programa de Incentivo \u00e0 Regulariza\u00e7\u00e3o Fiscal (Refis) estar\u00e1 na pauta de vota\u00e7\u00e3o desta semana na C\u00e2mara Federal e na C\u00e2mara Legislativa.<span class=\"Apple-converted-space\">\u00a0 <\/span>No \u00e2mbito local, o projeto de lei do GDF reabre o prazo de ades\u00e3o, estendendo agora \u00e0s d\u00edvidas de impostos contra\u00eddas no per\u00edodo da pandemia, ou seja, nos \u00faltimos dois anos. H\u00e1 previs\u00e3o de que o novo Refis no DF vai renegociar R$ 3 bilh\u00f5es e arrecadar R$ 300 milh\u00f5es a curto prazo para os cofres p\u00fablicos. Beneficiar\u00e1 pessoa f\u00edsica e empresas.<\/span><\/p>\n<p class=\"p1\"><span class=\"s1\"><b>Tributos federais <\/b><\/span><\/p>\n<p class=\"p1\"><span class=\"s1\">Em n\u00edvel nacional, o Refis vai permitir a renegocia\u00e7\u00e3o de tributos federais. O prazo para o pagamento do refinanciamento ser\u00e1 de 145 meses e o valor de entrada<span class=\"Apple-converted-space\">\u00a0 <\/span>ser\u00e1 de 10% da d\u00edvida, pago at\u00e9 em 10 meses. O prazo para ades\u00e3o ao programa ser\u00e1 de 90 dias ap\u00f3s a san\u00e7\u00e3o do projeto de lei. <\/span><\/p>\n<p class=\"p1\"><span class=\"s1\"><b>Reforma tribut\u00e1ria fatiada<\/b><\/span><\/p>\n<p class=\"p1\"><span class=\"s1\">Proposto pelo atual presidenteo Senado, <a href=\"https:\/\/www.jota.info\/tudo-sobre\/rodrigo-pacheco?amp\">Rodrigo Pacheco<\/a> (PSD-MG), o novo Refis federal<span class=\"Apple-converted-space\">\u00a0 <\/span>\u00e9 um dos quatro eixos da chamada reforma tribut\u00e1ria fatiada pelos comandos da C\u00e2mara e do Senado em abril. Os outros projetos desse pacote, como a reforma do Imposto de Renda e a PEC 110, n\u00e3o t\u00eam previs\u00e3o de vota\u00e7\u00e3o.<\/span><\/p>\n<p class=\"p1\"><span class=\"s1\"><b>Apoio da CNI <\/b><\/span><\/p>\n<p class=\"p1\"><span class=\"s1\">Pacheco esteve na semana passada em reuni\u00e3o na Confedera\u00e7\u00e3o Nacional da Ind\u00fastria (CNI), a convite, para tratar da reforma tribut\u00e1ria. Para o presidente da CNI, Robson Braga de Andrade, as mudan\u00e7as na PEC 110 tornariam as empresas brasileiras mais competitivas tanto na exporta\u00e7\u00e3o quanto na concorr\u00eancia no mercado brasileiro com produtos importados. A entidade manifestou apoio ao projeto.<\/span><\/p>\n<p class=\"p1\"><span class=\"s1\"><b>Democracia e vacina\u00e7\u00e3o<\/b><\/span><\/p>\n<p class=\"p1\"><span class=\"s1\">O presidente da Fibra DF, Jamal Bittar, participou da reuni\u00e3o na CNI. E, durante almo\u00e7o, com empres\u00e1rios do Lide DF, na semana passada, refor\u00e7ou a posi\u00e7\u00e3o do setor em fala direcionada a Pacheco. Enfatizou a necessidade da reforma tribut\u00e1ria para simplificar a carga sobre o setor, j\u00e1 \u201csacrificad\u00edssimo\u201d, e do Refis nacional.<\/span><\/p>\n<p class=\"p1\"><span class=\"s1\">Ele defendeu o respeito aos pilares da democracia e a<span class=\"Apple-converted-space\">\u00a0<\/span>vacina\u00e7\u00e3o como essenciais<span class=\"Apple-converted-space\">\u00a0<\/span>para um ambiente econ\u00f4mico de maior confian\u00e7a no pa\u00eds.\u00a0<\/span><\/p>\n<p class=\"p1\"><span class=\"s1\">\u201cEu e muitos j\u00e1 n\u00e3o confiamos mais nas a\u00e7\u00f5es do governo federal. Assim, pe\u00e7o que dois pontos sejam levados para a recupera\u00e7\u00e3o econ\u00f4mica: o Refis federal, que \u00e9 fundamental para a recupera\u00e7\u00e3o da capacidade tribut\u00e1ria das empresas, que passam a ter condi\u00e7\u00f5es novamente de investir; e a reforma tribut\u00e1ria, j\u00e1 que a forma atual de recolhimento de tributos \u00e9 um impedimento ao desenvolvimento do pa\u00eds. Com foco nesses pontos, o setor produtivo pode promover crescimento para 2022, em especial a ind\u00fastria, que tem grande capacidade de colaborar com a recupera\u00e7\u00e3o da economia\u201d , disse o presidente da Fibra DF a Pacheco.<\/span><\/p>\n","protected":false},"excerpt":{"rendered":"<p>Por Samanta Sallum O Programa de Incentivo \u00e0 Regulariza\u00e7\u00e3o Fiscal (Refis) estar\u00e1 na pauta de vota\u00e7\u00e3o desta semana na C\u00e2mara Federal e na C\u00e2mara Legislativa.\u00a0 No \u00e2mbito local, o projeto de lei do GDF reabre o prazo de ades\u00e3o, estendendo agora \u00e0s d\u00edvidas de impostos contra\u00eddas no per\u00edodo da pandemia, ou seja, nos \u00faltimos dois anos. H\u00e1 previs\u00e3o de que [&hellip;]<\/p>\n","protected":false},"author":125,"featured_media":6119,"comment_status":"open","ping_status":"open","sticky":false,"template":"","format":"standard","meta":{"footnotes":""},"categories":[6],"tags":[630,629,274,64,14],"class_list":["post-6114","post","type-post","status-publish","format-standard","has-post-thumbnail","hentry","category-coluna-capital-s-a","tag-democracia","tag-reformatributaria","tag-vacinacao","tag-cni","tag-refis"],"_links":{"self":[{"href":"https:\/\/blogs.correiobraziliense.com.br\/capital-sa\/wp-json\/wp\/v2\/posts\/6114","targetHints":{"allow":["GET"]}}],"collection":[{"href":"https:\/\/blogs.correiobraziliense.com.br\/capital-sa\/wp-json\/wp\/v2\/posts"}],"about":[{"href":"https:\/\/blogs.correiobraziliense.com.br\/capital-sa\/wp-json\/wp\/v2\/types\/post"}],"author":[{"embeddable":true,"href":"https:\/\/blogs.correiobraziliense.com.br\/capital-sa\/wp-json\/wp\/v2\/users\/125"}],"replies":[{"embeddable":true,"href":"https:\/\/blogs.correiobraziliense.com.br\/capital-sa\/wp-json\/wp\/v2\/comments?post=6114"}],"version-history":[{"count":8,"href":"https:\/\/blogs.correiobraziliense.com.br\/capital-sa\/wp-json\/wp\/v2\/posts\/6114\/revisions"}],"predecessor-version":[{"id":6144,"href":"https:\/\/blogs.correiobraziliense.com.br\/capital-sa\/wp-json\/wp\/v2\/posts\/6114\/revisions\/6144"}],"wp:featuredmedia":[{"embeddable":true,"href":"https:\/\/blogs.correiobraziliense.com.br\/capital-sa\/wp-json\/wp\/v2\/media\/6119"}],"wp:attachment":[{"href":"https:\/\/blogs.correiobraziliense.com.br\/capital-sa\/wp-json\/wp\/v2\/media?parent=6114"}],"wp:term":[{"taxonomy":"category","embeddable":true,"href":"https:\/\/blogs.correiobraziliense.com.br\/capital-sa\/wp-json\/wp\/v2\/categories?post=6114"},{"taxonomy":"post_tag","embeddable":true,"href":"https:\/\/blogs.correiobraziliense.com.br\/capital-sa\/wp-json\/wp\/v2\/tags?post=6114"}],"curies":[{"name":"wp","href":"https:\/\/api.w.org\/{rel}","templated":true}]}}