{"id":6092,"date":"2021-12-10T17:34:03","date_gmt":"2021-12-10T20:34:03","guid":{"rendered":"https:\/\/blogs.correiobraziliense.com.br\/capital-sa\/?p=6092"},"modified":"2021-12-10T18:11:36","modified_gmt":"2021-12-10T21:11:36","slug":"minfra-assina-contrato-para-ferrovia-jk","status":"publish","type":"post","link":"https:\/\/blogs.correiobraziliense.com.br\/capital-sa\/2021\/12\/10\/minfra-assina-contrato-para-ferrovia-jk\/","title":{"rendered":"MInfra assina contrato para ferrovia JK"},"content":{"rendered":"<p>Por Samanta Sallum<\/p>\n<p>Seis grupos empresariais receberam autoriza\u00e7\u00e3o do Governo Federal para tirar do papel projetos de constru\u00e7\u00e3o e opera\u00e7\u00e3o de nove ferrovias no pa\u00eds. O Minist\u00e9rio da Infraestrutura (MInfra), Bracell, Ferroeste, Gr\u00e3o Par\u00e1, Macro Desenvolvimento, Petrocity e Planalto Piau\u00ed Participa\u00e7\u00f5es assinaram contrato com a Uni\u00e3o para executarem propostas apresentadas no \u00e2mbito do programa federal Pro Trilhos.<\/p>\n<p>Entre os empreendimentos que receberam sinal verde da Uni\u00e3o est\u00e1 a Estrada de Ferro Juscelino Kubitschek (EFJK), que ter\u00e1 1.108 km de extens\u00e3o, entre Bras\u00edlia e Barra de S\u00e3o Francisco, no Esp\u00edrito Santo, passando por Goi\u00e1s e Minas Gerais. Haver\u00e1 uma\u00a0unidade de transbordo de carga em Santa Maria no DF.<\/p>\n<p>Proposta pela empresa Petrocity, origin\u00e1ria do setor de portos, a EFJK \u00e9 voltada ao transporte de produtos do Centro-Oeste brasileiro ao porto seco de Barra de S\u00e3o Francisco. As principais cargas ser\u00e3o rochas ornamentais, madeira, gr\u00e3os, algod\u00e3o, toretes de eucalipto, produtos sider\u00fargicos, min\u00e9rio de ferro e sal-gema.<\/p>\n<p>A partir de agora, cada empresa que prop\u00f4s uma ferrovia autorizada tem que dar encaminhamento ao licenciamento, fazer projeto de engenharia e tocar a obra, com investimento totalmente privado.<\/p>\n<p>Est\u00e3o projetados investimentos na ordem de R$ 14,2 bilh\u00f5es, sendo R$ 13,5 bilh\u00f5es na constru\u00e7\u00e3o dos novos trilhos e mais R$ 700 milh\u00f5es para a manuten\u00e7\u00e3o, ao longo do percurso, de seis unidades de Transbordo e Armazenamento de Cargas (UTACs). O empreendimento deve gerar 200 mil empregos (diretos, indiretos e efeito-renda).<\/p>\n","protected":false},"excerpt":{"rendered":"<p>Por Samanta Sallum Seis grupos empresariais receberam autoriza\u00e7\u00e3o do Governo Federal para tirar do papel projetos de constru\u00e7\u00e3o e opera\u00e7\u00e3o de nove ferrovias no pa\u00eds. O Minist\u00e9rio da Infraestrutura (MInfra), Bracell, Ferroeste, Gr\u00e3o Par\u00e1, Macro Desenvolvimento, Petrocity e Planalto Piau\u00ed Participa\u00e7\u00f5es assinaram contrato com a Uni\u00e3o para executarem propostas apresentadas no \u00e2mbito do programa federal Pro Trilhos. Entre os empreendimentos [&hellip;]<\/p>\n","protected":false},"author":125,"featured_media":6097,"comment_status":"open","ping_status":"open","sticky":false,"template":"","format":"standard","meta":{"footnotes":""},"categories":[6],"tags":[],"class_list":["post-6092","post","type-post","status-publish","format-standard","has-post-thumbnail","hentry","category-coluna-capital-s-a"],"_links":{"self":[{"href":"https:\/\/blogs.correiobraziliense.com.br\/capital-sa\/wp-json\/wp\/v2\/posts\/6092","targetHints":{"allow":["GET"]}}],"collection":[{"href":"https:\/\/blogs.correiobraziliense.com.br\/capital-sa\/wp-json\/wp\/v2\/posts"}],"about":[{"href":"https:\/\/blogs.correiobraziliense.com.br\/capital-sa\/wp-json\/wp\/v2\/types\/post"}],"author":[{"embeddable":true,"href":"https:\/\/blogs.correiobraziliense.com.br\/capital-sa\/wp-json\/wp\/v2\/users\/125"}],"replies":[{"embeddable":true,"href":"https:\/\/blogs.correiobraziliense.com.br\/capital-sa\/wp-json\/wp\/v2\/comments?post=6092"}],"version-history":[{"count":8,"href":"https:\/\/blogs.correiobraziliense.com.br\/capital-sa\/wp-json\/wp\/v2\/posts\/6092\/revisions"}],"predecessor-version":[{"id":6101,"href":"https:\/\/blogs.correiobraziliense.com.br\/capital-sa\/wp-json\/wp\/v2\/posts\/6092\/revisions\/6101"}],"wp:featuredmedia":[{"embeddable":true,"href":"https:\/\/blogs.correiobraziliense.com.br\/capital-sa\/wp-json\/wp\/v2\/media\/6097"}],"wp:attachment":[{"href":"https:\/\/blogs.correiobraziliense.com.br\/capital-sa\/wp-json\/wp\/v2\/media?parent=6092"}],"wp:term":[{"taxonomy":"category","embeddable":true,"href":"https:\/\/blogs.correiobraziliense.com.br\/capital-sa\/wp-json\/wp\/v2\/categories?post=6092"},{"taxonomy":"post_tag","embeddable":true,"href":"https:\/\/blogs.correiobraziliense.com.br\/capital-sa\/wp-json\/wp\/v2\/tags?post=6092"}],"curies":[{"name":"wp","href":"https:\/\/api.w.org\/{rel}","templated":true}]}}