{"id":6065,"date":"2021-12-08T13:38:54","date_gmt":"2021-12-08T16:38:54","guid":{"rendered":"https:\/\/blogs.correiobraziliense.com.br\/capital-sa\/?p=6065"},"modified":"2021-12-08T14:07:46","modified_gmt":"2021-12-08T17:07:46","slug":"a-empresarios-pacheco-chama-negacionismo-de-brincadeira-macabra-medieval","status":"publish","type":"post","link":"https:\/\/blogs.correiobraziliense.com.br\/capital-sa\/2021\/12\/08\/a-empresarios-pacheco-chama-negacionismo-de-brincadeira-macabra-medieval\/","title":{"rendered":"A empres\u00e1rios, Pacheco chama negacionismo  de \u201cbrincadeira macabra medieval\u201d"},"content":{"rendered":"<p>Por Samanta Sallum<\/p>\n<p class=\"p1\">O presidente do Senado, Rodrigo Pacheco, criticou de forma contundente o movimento negacionista da pandemia no Brasil que negava a gravidade da situa\u00e7\u00e3o. Ele classificou como \u201cimaturidade pol\u00edtica\u201d a forma como foi conduzida a gest\u00e3o de enfrentamento ao v\u00edrus.<\/p>\n<p class=\"p1\"><span class=\"s1\">\u201cEm vez de estarmos unidos, o que vimos foi um acirramento pol\u00edtico, teses antagonistas, uma imaturidade pol\u00edtica nacional\u201d, disse Pacheco, em almo\u00e7o com 100 empres\u00e1rios no Bras\u00edlia Palace, onde fez uma palestra.<\/span><\/p>\n<p class=\"p1\"><span class=\"s1\">Afirmou que foi &#8220;inaceit\u00e1vel&#8221; o negacionismo da pandemia. \u201c<\/span>Uma brincadeira macabra medieval\u201d, disparou.<\/p>\n<p class=\"p1\"><span class=\"s1\">Pacheco, rec\u00e9m-filiado ao PSD, \u00e9 pr\u00e9-candidato \u00e0 Presid\u00eancia. E aproveitou a palestra para seguir no tom de terceira via, querendo se descolar da polariza\u00e7\u00e3o entre Bolsonaro e Lula.<\/span><\/p>\n<p>Sem citar nomes, lembrou a crise institucional agravada no 7 de setembro. Na ocasi\u00e3o, houve uma forte cr\u00edtica disparada pelo presidente Bolsonaro ao STF. \u00a0\u201c\u00c9 impens\u00e1vel que se questione a democracia. Que se cogite algo que n\u00e3o seja o Estado democr\u00e1tico de direito e o respeito \u00e0s institui\u00e7\u00f5es\u201d, refor\u00e7ou.<\/p>\n<p>Pacheco avaliou como erro estrat\u00e9gico hostilizar a China, \u201ccomo vemos alguns fazendo\u201d. \u00a0\u201cA China \u00e9 uma grande parceira comercial. O Brasil depende mais da China do que ela de n\u00f3s.&#8221;<\/p>\n<p>&nbsp;<\/p>\n<p>&nbsp;<\/p>\n<p>&nbsp;<\/p>\n","protected":false},"excerpt":{"rendered":"<p>Por Samanta Sallum O presidente do Senado, Rodrigo Pacheco, criticou de forma contundente o movimento negacionista da pandemia no Brasil que negava a gravidade da situa\u00e7\u00e3o. Ele classificou como \u201cimaturidade pol\u00edtica\u201d a forma como foi conduzida a gest\u00e3o de enfrentamento ao v\u00edrus. \u201cEm vez de estarmos unidos, o que vimos foi um acirramento pol\u00edtico, teses antagonistas, uma imaturidade pol\u00edtica nacional\u201d, [&hellip;]<\/p>\n","protected":false},"author":125,"featured_media":6068,"comment_status":"open","ping_status":"open","sticky":false,"template":"","format":"standard","meta":{"footnotes":""},"categories":[6],"tags":[620,619,5],"class_list":["post-6065","post","type-post","status-publish","format-standard","has-post-thumbnail","hentry","category-coluna-capital-s-a","tag-china","tag-negacionismo","tag-pandemia"],"_links":{"self":[{"href":"https:\/\/blogs.correiobraziliense.com.br\/capital-sa\/wp-json\/wp\/v2\/posts\/6065","targetHints":{"allow":["GET"]}}],"collection":[{"href":"https:\/\/blogs.correiobraziliense.com.br\/capital-sa\/wp-json\/wp\/v2\/posts"}],"about":[{"href":"https:\/\/blogs.correiobraziliense.com.br\/capital-sa\/wp-json\/wp\/v2\/types\/post"}],"author":[{"embeddable":true,"href":"https:\/\/blogs.correiobraziliense.com.br\/capital-sa\/wp-json\/wp\/v2\/users\/125"}],"replies":[{"embeddable":true,"href":"https:\/\/blogs.correiobraziliense.com.br\/capital-sa\/wp-json\/wp\/v2\/comments?post=6065"}],"version-history":[{"count":9,"href":"https:\/\/blogs.correiobraziliense.com.br\/capital-sa\/wp-json\/wp\/v2\/posts\/6065\/revisions"}],"predecessor-version":[{"id":6078,"href":"https:\/\/blogs.correiobraziliense.com.br\/capital-sa\/wp-json\/wp\/v2\/posts\/6065\/revisions\/6078"}],"wp:featuredmedia":[{"embeddable":true,"href":"https:\/\/blogs.correiobraziliense.com.br\/capital-sa\/wp-json\/wp\/v2\/media\/6068"}],"wp:attachment":[{"href":"https:\/\/blogs.correiobraziliense.com.br\/capital-sa\/wp-json\/wp\/v2\/media?parent=6065"}],"wp:term":[{"taxonomy":"category","embeddable":true,"href":"https:\/\/blogs.correiobraziliense.com.br\/capital-sa\/wp-json\/wp\/v2\/categories?post=6065"},{"taxonomy":"post_tag","embeddable":true,"href":"https:\/\/blogs.correiobraziliense.com.br\/capital-sa\/wp-json\/wp\/v2\/tags?post=6065"}],"curies":[{"name":"wp","href":"https:\/\/api.w.org\/{rel}","templated":true}]}}