{"id":6057,"date":"2021-12-07T18:52:55","date_gmt":"2021-12-07T21:52:55","guid":{"rendered":"https:\/\/blogs.correiobraziliense.com.br\/capital-sa\/?p=6057"},"modified":"2021-12-08T13:53:34","modified_gmt":"2021-12-08T16:53:34","slug":"senado-vai-votar-desoneracao-da-folha-de-pagamentos-na-quinta","status":"publish","type":"post","link":"https:\/\/blogs.correiobraziliense.com.br\/capital-sa\/2021\/12\/07\/senado-vai-votar-desoneracao-da-folha-de-pagamentos-na-quinta\/","title":{"rendered":"Senado vai votar desonera\u00e7\u00e3o da folha de pagamentos na quinta"},"content":{"rendered":"<p>Ap\u00f3s reuni\u00e3o com entidades e empres\u00e1rios dos setores que mais empregam no pa\u00eds, o presidente do Senado, Rodrigo Pacheco, se comprometeu a colocar em vota\u00e7\u00e3o, na pr\u00f3xima quinta-feira, 9, o projeto que prorroga at\u00e9 2023 a desonera\u00e7\u00e3o da folha de pagamento, que acabaria em 31 de dezembro.<\/p>\n<p>Contemplando o setor de TI, entre outros, a proposta permite que as empresas possam contribuir para a Previd\u00eancia Social com um percentual que varia de 1% a 4,5% sobre o faturamento bruto, em vez de 20% sobre a remunera\u00e7\u00e3o dos funcion\u00e1rios.<\/p>\n<p>\u201cH\u00e1 um compromisso nosso da Presid\u00eancia, e eu acredito, com a colabora\u00e7\u00e3o, sen\u00e3o un\u00e2nime, de uma grande maioria do Senado Federal que tenhamos a aprecia\u00e7\u00e3o no plen\u00e1rio do Senado ainda esta semana\u201d, disse Pacheco, em comunicado.<\/p>\n<p>\u201cO setor de tecnologia, representado pela Federa\u00e7\u00e3o Assespro, e os outros 16 setores receberam a confirma\u00e7\u00e3o de que o projeto [da desonera\u00e7\u00e3o] vai para vota\u00e7\u00e3o e teremos essa grande vit\u00f3ria\u201d, afirma Italo Nogueira, presidente da Assespro Nacional.<\/p>\n<p>Segundo Nogueira, a decis\u00e3o \u00e9 positiva, pois permite que as empresas tenham seguran\u00e7a em prever os custos que ter\u00e3o num projeto de curto e m\u00e9dio prazos.<\/p>\n<p>\u201cMostramos que, caso a \u00e1rea de TI n\u00e3o fa\u00e7a parte da pol\u00edtica de desonera\u00e7\u00e3o, haver\u00e1 a perda de dezenas de milhares de postos de empregos, queda na arrecada\u00e7\u00e3o e impacto negativo nas exporta\u00e7\u00f5es do setor, que t\u00eam crescido nos \u00faltimos anos\u201d, argumenta.<\/p>\n<p>&nbsp;<\/p>\n","protected":false},"excerpt":{"rendered":"<p>Ap\u00f3s reuni\u00e3o com entidades e empres\u00e1rios dos setores que mais empregam no pa\u00eds, o presidente do Senado, Rodrigo Pacheco, se comprometeu a colocar em vota\u00e7\u00e3o, na pr\u00f3xima quinta-feira, 9, o projeto que prorroga at\u00e9 2023 a desonera\u00e7\u00e3o da folha de pagamento, que acabaria em 31 de dezembro. Contemplando o setor de TI, entre outros, a proposta permite que as empresas [&hellip;]<\/p>\n","protected":false},"author":125,"featured_media":6060,"comment_status":"open","ping_status":"open","sticky":false,"template":"","format":"standard","meta":{"footnotes":""},"categories":[6],"tags":[616,617,492,618],"class_list":["post-6057","post","type-post","status-publish","format-standard","has-post-thumbnail","hentry","category-coluna-capital-s-a","tag-desoneracao","tag-folhadepagamento","tag-senado","tag-ti"],"_links":{"self":[{"href":"https:\/\/blogs.correiobraziliense.com.br\/capital-sa\/wp-json\/wp\/v2\/posts\/6057","targetHints":{"allow":["GET"]}}],"collection":[{"href":"https:\/\/blogs.correiobraziliense.com.br\/capital-sa\/wp-json\/wp\/v2\/posts"}],"about":[{"href":"https:\/\/blogs.correiobraziliense.com.br\/capital-sa\/wp-json\/wp\/v2\/types\/post"}],"author":[{"embeddable":true,"href":"https:\/\/blogs.correiobraziliense.com.br\/capital-sa\/wp-json\/wp\/v2\/users\/125"}],"replies":[{"embeddable":true,"href":"https:\/\/blogs.correiobraziliense.com.br\/capital-sa\/wp-json\/wp\/v2\/comments?post=6057"}],"version-history":[{"count":7,"href":"https:\/\/blogs.correiobraziliense.com.br\/capital-sa\/wp-json\/wp\/v2\/posts\/6057\/revisions"}],"predecessor-version":[{"id":6077,"href":"https:\/\/blogs.correiobraziliense.com.br\/capital-sa\/wp-json\/wp\/v2\/posts\/6057\/revisions\/6077"}],"wp:featuredmedia":[{"embeddable":true,"href":"https:\/\/blogs.correiobraziliense.com.br\/capital-sa\/wp-json\/wp\/v2\/media\/6060"}],"wp:attachment":[{"href":"https:\/\/blogs.correiobraziliense.com.br\/capital-sa\/wp-json\/wp\/v2\/media?parent=6057"}],"wp:term":[{"taxonomy":"category","embeddable":true,"href":"https:\/\/blogs.correiobraziliense.com.br\/capital-sa\/wp-json\/wp\/v2\/categories?post=6057"},{"taxonomy":"post_tag","embeddable":true,"href":"https:\/\/blogs.correiobraziliense.com.br\/capital-sa\/wp-json\/wp\/v2\/tags?post=6057"}],"curies":[{"name":"wp","href":"https:\/\/api.w.org\/{rel}","templated":true}]}}