{"id":6028,"date":"2021-12-06T00:19:01","date_gmt":"2021-12-06T03:19:01","guid":{"rendered":"https:\/\/blogs.correiobraziliense.com.br\/capital-sa\/?p=6028"},"modified":"2021-12-06T00:20:45","modified_gmt":"2021-12-06T03:20:45","slug":"maior-grupo-de-revendas-toyota-chega-ao-df","status":"publish","type":"post","link":"https:\/\/blogs.correiobraziliense.com.br\/capital-sa\/2021\/12\/06\/maior-grupo-de-revendas-toyota-chega-ao-df\/","title":{"rendered":"Maior grupo de revendas Toyota chega ao DF"},"content":{"rendered":"<p>Com atua\u00e7\u00e3o em quase todo o Brasil, nas \u00e1reas de revenda de ve\u00edculos, log\u00edstica e transporte de passageiros, o Grupo \u00c1guia Branca est\u00e1 agora fincando bases em Bras\u00edlia. A Divis\u00e3o de Ve\u00edculos adquiriu tr\u00eas revendas de ve\u00edculos Toyota da marca Kyoto \u2013 duas em Bras\u00edlia e\u00a0uma em Taguatinga\u00a0\u2013\u00a0que pertenciam ao Grupo Canopus.<\/p>\n<p><strong>Mercado estrat\u00e9gico<\/strong><\/p>\n<p>Renan Chieppe, presidente do Grupo \u00c1guia Branca, destaca a import\u00e2ncia do mercado de Bras\u00edlia: \u201cEm meio \u00e0 pandemia, optamos por buscar oportunidades. Analisamos cen\u00e1rios e definimos por apostar no crescimento. O Distrito Federal \u00e9 competitivo e muito importante para os nossos planos\u201d. Com 75 anos, o Grupo \u00c1guia Branca conta com 15 mil funcion\u00e1rios no pa\u00eds.<\/p>\n","protected":false},"excerpt":{"rendered":"<p>Com atua\u00e7\u00e3o em quase todo o Brasil, nas \u00e1reas de revenda de ve\u00edculos, log\u00edstica e transporte de passageiros, o Grupo \u00c1guia Branca est\u00e1 agora fincando bases em Bras\u00edlia. A Divis\u00e3o de Ve\u00edculos adquiriu tr\u00eas revendas de ve\u00edculos Toyota da marca Kyoto \u2013 duas em Bras\u00edlia e\u00a0uma em Taguatinga\u00a0\u2013\u00a0que pertenciam ao Grupo Canopus. Mercado estrat\u00e9gico Renan Chieppe, presidente do Grupo \u00c1guia [&hellip;]<\/p>\n","protected":false},"author":125,"featured_media":6032,"comment_status":"open","ping_status":"open","sticky":false,"template":"","format":"standard","meta":{"footnotes":""},"categories":[6],"tags":[608,607],"class_list":["post-6028","post","type-post","status-publish","format-standard","has-post-thumbnail","hentry","category-coluna-capital-s-a","tag-grupoaguiabranca","tag-toyota"],"_links":{"self":[{"href":"https:\/\/blogs.correiobraziliense.com.br\/capital-sa\/wp-json\/wp\/v2\/posts\/6028","targetHints":{"allow":["GET"]}}],"collection":[{"href":"https:\/\/blogs.correiobraziliense.com.br\/capital-sa\/wp-json\/wp\/v2\/posts"}],"about":[{"href":"https:\/\/blogs.correiobraziliense.com.br\/capital-sa\/wp-json\/wp\/v2\/types\/post"}],"author":[{"embeddable":true,"href":"https:\/\/blogs.correiobraziliense.com.br\/capital-sa\/wp-json\/wp\/v2\/users\/125"}],"replies":[{"embeddable":true,"href":"https:\/\/blogs.correiobraziliense.com.br\/capital-sa\/wp-json\/wp\/v2\/comments?post=6028"}],"version-history":[{"count":3,"href":"https:\/\/blogs.correiobraziliense.com.br\/capital-sa\/wp-json\/wp\/v2\/posts\/6028\/revisions"}],"predecessor-version":[{"id":6033,"href":"https:\/\/blogs.correiobraziliense.com.br\/capital-sa\/wp-json\/wp\/v2\/posts\/6028\/revisions\/6033"}],"wp:featuredmedia":[{"embeddable":true,"href":"https:\/\/blogs.correiobraziliense.com.br\/capital-sa\/wp-json\/wp\/v2\/media\/6032"}],"wp:attachment":[{"href":"https:\/\/blogs.correiobraziliense.com.br\/capital-sa\/wp-json\/wp\/v2\/media?parent=6028"}],"wp:term":[{"taxonomy":"category","embeddable":true,"href":"https:\/\/blogs.correiobraziliense.com.br\/capital-sa\/wp-json\/wp\/v2\/categories?post=6028"},{"taxonomy":"post_tag","embeddable":true,"href":"https:\/\/blogs.correiobraziliense.com.br\/capital-sa\/wp-json\/wp\/v2\/tags?post=6028"}],"curies":[{"name":"wp","href":"https:\/\/api.w.org\/{rel}","templated":true}]}}