{"id":6024,"date":"2021-12-06T00:59:39","date_gmt":"2021-12-06T03:59:39","guid":{"rendered":"https:\/\/blogs.correiobraziliense.com.br\/capital-sa\/?p=6024"},"modified":"2021-12-06T01:02:41","modified_gmt":"2021-12-06T04:02:41","slug":"projecao-profissional-no-auge-da-maternidade","status":"publish","type":"post","link":"https:\/\/blogs.correiobraziliense.com.br\/capital-sa\/2021\/12\/06\/projecao-profissional-no-auge-da-maternidade\/","title":{"rendered":"Proje\u00e7\u00e3o profissional no auge da maternidade"},"content":{"rendered":"<p>A Diretoria de Vendas da TIM no Centro-Oeste e no Norte est\u00e1 sob novo comando. M\u00e3e de Eva e gr\u00e1vida de oito meses de Mel, a executiva Graciela Berlezi vai comandar um time de 450 profissionais diretos no Distrito Federal e nos 11 estados da regi\u00e3o onde a operadora est\u00e1 presente.<\/p>\n<p>Esta \u00e9 a segunda vez que Graciela \u00e9 promovida gr\u00e1vida pela TIM, que tem adotado a\u00e7\u00f5es para valorizar a presen\u00e7a feminina em seus quadros. \u201cO desafio da mulher no mercado de trabalho \u00e9 acreditar em si mesma\u201d, diz ela , que \u00e9 formada em Administra\u00e7\u00e3o de Empresas e est\u00e1 na TIM h\u00e1 18 anos.<\/p>\n","protected":false},"excerpt":{"rendered":"<p>A Diretoria de Vendas da TIM no Centro-Oeste e no Norte est\u00e1 sob novo comando. M\u00e3e de Eva e gr\u00e1vida de oito meses de Mel, a executiva Graciela Berlezi vai comandar um time de 450 profissionais diretos no Distrito Federal e nos 11 estados da regi\u00e3o onde a operadora est\u00e1 presente. Esta \u00e9 a segunda vez que Graciela \u00e9 promovida [&hellip;]<\/p>\n","protected":false},"author":125,"featured_media":6027,"comment_status":"open","ping_status":"open","sticky":false,"template":"","format":"standard","meta":{"footnotes":""},"categories":[6],"tags":[],"class_list":["post-6024","post","type-post","status-publish","format-standard","has-post-thumbnail","hentry","category-coluna-capital-s-a"],"_links":{"self":[{"href":"https:\/\/blogs.correiobraziliense.com.br\/capital-sa\/wp-json\/wp\/v2\/posts\/6024","targetHints":{"allow":["GET"]}}],"collection":[{"href":"https:\/\/blogs.correiobraziliense.com.br\/capital-sa\/wp-json\/wp\/v2\/posts"}],"about":[{"href":"https:\/\/blogs.correiobraziliense.com.br\/capital-sa\/wp-json\/wp\/v2\/types\/post"}],"author":[{"embeddable":true,"href":"https:\/\/blogs.correiobraziliense.com.br\/capital-sa\/wp-json\/wp\/v2\/users\/125"}],"replies":[{"embeddable":true,"href":"https:\/\/blogs.correiobraziliense.com.br\/capital-sa\/wp-json\/wp\/v2\/comments?post=6024"}],"version-history":[{"count":3,"href":"https:\/\/blogs.correiobraziliense.com.br\/capital-sa\/wp-json\/wp\/v2\/posts\/6024\/revisions"}],"predecessor-version":[{"id":6034,"href":"https:\/\/blogs.correiobraziliense.com.br\/capital-sa\/wp-json\/wp\/v2\/posts\/6024\/revisions\/6034"}],"wp:featuredmedia":[{"embeddable":true,"href":"https:\/\/blogs.correiobraziliense.com.br\/capital-sa\/wp-json\/wp\/v2\/media\/6027"}],"wp:attachment":[{"href":"https:\/\/blogs.correiobraziliense.com.br\/capital-sa\/wp-json\/wp\/v2\/media?parent=6024"}],"wp:term":[{"taxonomy":"category","embeddable":true,"href":"https:\/\/blogs.correiobraziliense.com.br\/capital-sa\/wp-json\/wp\/v2\/categories?post=6024"},{"taxonomy":"post_tag","embeddable":true,"href":"https:\/\/blogs.correiobraziliense.com.br\/capital-sa\/wp-json\/wp\/v2\/tags?post=6024"}],"curies":[{"name":"wp","href":"https:\/\/api.w.org\/{rel}","templated":true}]}}