{"id":6017,"date":"2021-12-05T23:56:24","date_gmt":"2021-12-06T02:56:24","guid":{"rendered":"https:\/\/blogs.correiobraziliense.com.br\/capital-sa\/?p=6017"},"modified":"2021-12-05T23:56:24","modified_gmt":"2021-12-06T02:56:24","slug":"cuidado-com-o-corpo-e-com-a-mente","status":"publish","type":"post","link":"https:\/\/blogs.correiobraziliense.com.br\/capital-sa\/2021\/12\/05\/cuidado-com-o-corpo-e-com-a-mente\/","title":{"rendered":"Cuidado com o corpo e com a mente"},"content":{"rendered":"<div class=\"gmail_default\">\n<p>Por Samanta Sallum<\/p>\n<p>Formada em\u00a0zootecnia, Renata Crispim, 46, deu uma guinada na sua vida profissional. Era pecuarista. Mas decidiu deixar o rebanho de lado para cuidar de gente. E de uma forma muito especial, abrindo um spa para o cuidado do corpo e da mente.<\/p>\n<p>\u201cN\u00e3o me sentia bem naquele universo de criadora de gado. Comecei a sentir um chamado dentro de mim: de que era preciso mudar e fazer algo que realmente me realizasse como profissional e como pessoa&#8221;, conta.<b><br \/>\n<\/b><\/p>\n<p><b>Motiva\u00e7\u00e3o no bem-estar<\/b><\/p>\n<p>Ela passou adiante o neg\u00f3cio e com parte dos recursos investiu no novo empreendimento: uma franquia do Eli\u00e1 Spa no CasaPark. O espa\u00e7o foi inaugurado h\u00e1 2 meses com todo o esmero para que seja um ambiente bem relaxante.<\/p>\n<p>\u201cFico feliz em proporcionar bem-estar \u00e0s pessoas. \u00a0E, al\u00e9m disso, dar oportunidade de trabalho \u00e0 equipe de profissionais que montei. A franquia conta com uma escola de terapeutas corporais\u201d, diz Renata.<\/p>\n<\/div>\n<div>\n<div dir=\"ltr\">\n<div dir=\"ltr\"><\/div>\n<\/div>\n<\/div>\n","protected":false},"excerpt":{"rendered":"<p>Por Samanta Sallum Formada em\u00a0zootecnia, Renata Crispim, 46, deu uma guinada na sua vida profissional. Era pecuarista. Mas decidiu deixar o rebanho de lado para cuidar de gente. E de uma forma muito especial, abrindo um spa para o cuidado do corpo e da mente. \u201cN\u00e3o me sentia bem naquele universo de criadora de gado. Comecei a sentir um chamado [&hellip;]<\/p>\n","protected":false},"author":125,"featured_media":6023,"comment_status":"open","ping_status":"open","sticky":false,"template":"","format":"standard","meta":{"footnotes":""},"categories":[6],"tags":[606],"class_list":["post-6017","post","type-post","status-publish","format-standard","has-post-thumbnail","hentry","category-coluna-capital-s-a","tag-eliaspa"],"_links":{"self":[{"href":"https:\/\/blogs.correiobraziliense.com.br\/capital-sa\/wp-json\/wp\/v2\/posts\/6017","targetHints":{"allow":["GET"]}}],"collection":[{"href":"https:\/\/blogs.correiobraziliense.com.br\/capital-sa\/wp-json\/wp\/v2\/posts"}],"about":[{"href":"https:\/\/blogs.correiobraziliense.com.br\/capital-sa\/wp-json\/wp\/v2\/types\/post"}],"author":[{"embeddable":true,"href":"https:\/\/blogs.correiobraziliense.com.br\/capital-sa\/wp-json\/wp\/v2\/users\/125"}],"replies":[{"embeddable":true,"href":"https:\/\/blogs.correiobraziliense.com.br\/capital-sa\/wp-json\/wp\/v2\/comments?post=6017"}],"version-history":[{"count":5,"href":"https:\/\/blogs.correiobraziliense.com.br\/capital-sa\/wp-json\/wp\/v2\/posts\/6017\/revisions"}],"predecessor-version":[{"id":6022,"href":"https:\/\/blogs.correiobraziliense.com.br\/capital-sa\/wp-json\/wp\/v2\/posts\/6017\/revisions\/6022"}],"wp:featuredmedia":[{"embeddable":true,"href":"https:\/\/blogs.correiobraziliense.com.br\/capital-sa\/wp-json\/wp\/v2\/media\/6023"}],"wp:attachment":[{"href":"https:\/\/blogs.correiobraziliense.com.br\/capital-sa\/wp-json\/wp\/v2\/media?parent=6017"}],"wp:term":[{"taxonomy":"category","embeddable":true,"href":"https:\/\/blogs.correiobraziliense.com.br\/capital-sa\/wp-json\/wp\/v2\/categories?post=6017"},{"taxonomy":"post_tag","embeddable":true,"href":"https:\/\/blogs.correiobraziliense.com.br\/capital-sa\/wp-json\/wp\/v2\/tags?post=6017"}],"curies":[{"name":"wp","href":"https:\/\/api.w.org\/{rel}","templated":true}]}}