{"id":5937,"date":"2021-11-25T10:59:28","date_gmt":"2021-11-25T13:59:28","guid":{"rendered":"https:\/\/blogs.correiobraziliense.com.br\/capital-sa\/?p=5937"},"modified":"2021-11-25T11:07:25","modified_gmt":"2021-11-25T14:07:25","slug":"clima-de-despedida-no-gdf","status":"publish","type":"post","link":"https:\/\/blogs.correiobraziliense.com.br\/capital-sa\/2021\/11\/25\/clima-de-despedida-no-gdf\/","title":{"rendered":"Clima de despedida no GDF"},"content":{"rendered":"<p><b>Por Samanta Sallum\/ Imagem Renato Alves (Ag\u00eancia Bras\u00edlia)<\/b><\/p>\n<p>Foi vis\u00edvel a emo\u00e7\u00e3o do secret\u00e1rio de Economia, Andr\u00e9 Clemente, em evento ontem no Pal\u00e1cio do Buriti com o governador Ibaneis Rocha e todo o setor produtivo. Ele falou v\u00e1rias vezes em deixar na administra\u00e7\u00e3o p\u00fablica um legado. O clima de despedida foi marcado pela sinaliza\u00e7\u00e3o de Ibaneis, em discurso, de que Clemente vai para o Tribunal de Contas do DF.<\/p>\n<p><strong>\u00c0 espera do oficial<\/strong><\/p>\n<p>\u201cMe entristece um pouco este clima de despedida. Mas tudo se encaminha para isso\u201d, deixou escapar o governador, que ainda vai oficialmente fazer a indica\u00e7\u00e3o. O secret\u00e1rio est\u00e1 cotado para assumir a vaga do conselheiro Paiva Martins, que acaba de se aposentar.<\/p>\n<p><strong>Em vez de deputado, conselheiro<\/strong><\/p>\n<p>A ida para o TCDF confirma o que Clemente tinha dito \u00e0 coluna h\u00e1 algumas semanas: que n\u00e3o seria candidato a deputado federal. Ele n\u00e3o \u00e9 o primeiro supersecret\u00e1rio de governo a seguir esse rumo. Paulo Tadeu, quando era o mais poderoso integrante do governo de Agnelo Queiroz (PT), em 2013, tamb\u00e9m foi agraciado com a vaga no tribunal. E hoje \u00e9 o presidente da Casa.<\/p>\n<p><strong>O legado<\/strong><\/p>\n<p>R$ 9 bilh\u00f5es \u00e9 o valor total das a\u00e7\u00f5es da Secretaria de Economia do DF com o Pr\u00f3-Economia 1 e 2 , Refis e opera\u00e7\u00f5es de cr\u00e9dito com Banco do Brasil, BNDES e BID<\/p>\n<p>Desse valor, R$ 1, 8 bi ser\u00e3o investidos em obras de infraestrutura, como a expans\u00e3o do Metr\u00f4.<\/p>\n<p><strong>Melhor avalia\u00e7\u00e3o<br \/>\ndo Tesouro Nacional<\/strong><\/p>\n<p>O DF passou de nota C para B na classifica\u00e7\u00e3o de Copag, ou seja, de capacidade de pagamento. A avalia\u00e7\u00e3o \u00e9 feita pela Secretaria do Tesouro Nacional. Gra\u00e7as a isso, est\u00e1 sendo poss\u00edvel para capital federal contrair empr\u00e9stimos com grandesinstitui\u00e7\u00f5es financeiras.<\/p>\n<p><strong>Beb\u00ea nasceu<\/strong><\/p>\n<p>A redu\u00e7\u00e3o do ITBI para 1%, por 90 dias, foi gestada numa reuni\u00e3o h\u00e1 2 meses do setor produtivo com Andr\u00e9 Clemente e Rafael Prudente, presidente da C\u00e2mara Legislativa.<\/p>\n<p>O encontro foi organizado por Paulo Oct\u00e1vio no shopping Iguatemi. L\u00e1, o pr\u00f3prio Paulo fez a sugest\u00e3o com o apoio da Fecom\u00e9rcio-DF, Fibra, Ademi e Sinduscon. \u201cUma forma de incentivar muita gente a tirar o contrato da gaveta. E, assim, de o governo tamb\u00e9m arrecadar o que est\u00e1 deixando de receber\u201d, sustentou PO.<\/p>\n<p>&nbsp;<\/p>\n","protected":false},"excerpt":{"rendered":"<p>Por Samanta Sallum\/ Imagem Renato Alves (Ag\u00eancia Bras\u00edlia) Foi vis\u00edvel a emo\u00e7\u00e3o do secret\u00e1rio de Economia, Andr\u00e9 Clemente, em evento ontem no Pal\u00e1cio do Buriti com o governador Ibaneis Rocha e todo o setor produtivo. Ele falou v\u00e1rias vezes em deixar na administra\u00e7\u00e3o p\u00fablica um legado. O clima de despedida foi marcado pela sinaliza\u00e7\u00e3o de Ibaneis, em discurso, de que [&hellip;]<\/p>\n","protected":false},"author":125,"featured_media":5940,"comment_status":"open","ping_status":"open","sticky":false,"template":"","format":"standard","meta":{"footnotes":""},"categories":[6],"tags":[],"class_list":["post-5937","post","type-post","status-publish","format-standard","has-post-thumbnail","hentry","category-coluna-capital-s-a"],"_links":{"self":[{"href":"https:\/\/blogs.correiobraziliense.com.br\/capital-sa\/wp-json\/wp\/v2\/posts\/5937","targetHints":{"allow":["GET"]}}],"collection":[{"href":"https:\/\/blogs.correiobraziliense.com.br\/capital-sa\/wp-json\/wp\/v2\/posts"}],"about":[{"href":"https:\/\/blogs.correiobraziliense.com.br\/capital-sa\/wp-json\/wp\/v2\/types\/post"}],"author":[{"embeddable":true,"href":"https:\/\/blogs.correiobraziliense.com.br\/capital-sa\/wp-json\/wp\/v2\/users\/125"}],"replies":[{"embeddable":true,"href":"https:\/\/blogs.correiobraziliense.com.br\/capital-sa\/wp-json\/wp\/v2\/comments?post=5937"}],"version-history":[{"count":4,"href":"https:\/\/blogs.correiobraziliense.com.br\/capital-sa\/wp-json\/wp\/v2\/posts\/5937\/revisions"}],"predecessor-version":[{"id":5942,"href":"https:\/\/blogs.correiobraziliense.com.br\/capital-sa\/wp-json\/wp\/v2\/posts\/5937\/revisions\/5942"}],"wp:featuredmedia":[{"embeddable":true,"href":"https:\/\/blogs.correiobraziliense.com.br\/capital-sa\/wp-json\/wp\/v2\/media\/5940"}],"wp:attachment":[{"href":"https:\/\/blogs.correiobraziliense.com.br\/capital-sa\/wp-json\/wp\/v2\/media?parent=5937"}],"wp:term":[{"taxonomy":"category","embeddable":true,"href":"https:\/\/blogs.correiobraziliense.com.br\/capital-sa\/wp-json\/wp\/v2\/categories?post=5937"},{"taxonomy":"post_tag","embeddable":true,"href":"https:\/\/blogs.correiobraziliense.com.br\/capital-sa\/wp-json\/wp\/v2\/tags?post=5937"}],"curies":[{"name":"wp","href":"https:\/\/api.w.org\/{rel}","templated":true}]}}