{"id":5929,"date":"2021-11-24T14:07:48","date_gmt":"2021-11-24T17:07:48","guid":{"rendered":"https:\/\/blogs.correiobraziliense.com.br\/capital-sa\/?p=5929"},"modified":"2021-11-25T09:06:37","modified_gmt":"2021-11-25T12:06:37","slug":"ibaneis-pede-que-pessoas-tenham-consciencia-e-se-vacinem","status":"publish","type":"post","link":"https:\/\/blogs.correiobraziliense.com.br\/capital-sa\/2021\/11\/24\/ibaneis-pede-que-pessoas-tenham-consciencia-e-se-vacinem\/","title":{"rendered":"Ibaneis pede que pessoas \u201ctenham consci\u00eancia\u201d e se vacinem"},"content":{"rendered":"<p class=\"p1\">Por Samanta Sallum<\/p>\n<p class=\"p1\"><span class=\"s1\">Depois de anunciar cesta b\u00e1sica da constru\u00e7\u00e3o, o governador Ibaneis Rocha fez um forte apelo para que os brasilienses \u201ctenham consci\u00eancia\u201d e procurem os postos de vacina\u00e7\u00e3o. \u201cPara realmente sairmos dessa pandemia, \u00e9 preciso concluir o processo de imuniza\u00e7\u00e3o. Pe\u00e7o que as pessoas tenham essa consci\u00eancia e se vacinem\u201d, frisou durante evento, no Pal\u00e1cio do Buriti, no final da manh\u00e3 de hoje.<\/span><\/p>\n<p class=\"p1\"><span class=\"s1\">No evento, ele e o secret\u00e1rio de Economia, Andr\u00e9 Clemente, anunciaram 34 medidas para aquecer a economia local. \u00c9 a segunda etapa do Pr\u00f3-Economia, lan\u00e7ado inicialmente em maio com 20 a\u00e7\u00f5es. Entre elas, a isen\u00e7\u00e3o de ICMS nas opera\u00e7\u00f5es com areia, brita, tijolo e telha de barro, como est\u00edmulo \u00e0 constru\u00e7\u00e3o civil.<\/span><\/p>\n<p class=\"p1\"><strong><span class=\"s1\">Refis <\/span><\/strong><\/p>\n<p class=\"p1\"><span class=\"s1\">Foi entregue ao vice-presidente da C\u00e2mara Legislativa, Rodrigo Delmasso, presente ao evento,<span class=\"Apple-converted-space\">\u00a0<\/span>o projeto de lei para reabertura do Refis. A medida permitir\u00e1 que pessoa f\u00edsica e empresas possam renegociar d\u00edvidas de impostos contra\u00eddas no per\u00edodo da pandemia. Ao todo, est\u00e3o inscritas na d\u00edvida ativa 388.556 pessoas e 90.785 empresas.<\/span><\/p>\n<p class=\"p1\"><span class=\"s1\">Ibaneis refor\u00e7ou que a retomada da economia depende do retorno o mais r\u00e1pido poss\u00edvel \u00e0 normalidade e que a vacina\u00e7\u00e3o \u00e9 essencial para isso.<span class=\"Apple-converted-space\">\u00a0 <\/span>\u201cEstamos conseguindo recuar nas medidas de restri\u00e7\u00e3o. E gra\u00e7as ao fato de cada vez mais pessoas estarem imunizadas no DF.\u201d <\/span><\/p>\n","protected":false},"excerpt":{"rendered":"<p>Por Samanta Sallum Depois de anunciar cesta b\u00e1sica da constru\u00e7\u00e3o, o governador Ibaneis Rocha fez um forte apelo para que os brasilienses \u201ctenham consci\u00eancia\u201d e procurem os postos de vacina\u00e7\u00e3o. \u201cPara realmente sairmos dessa pandemia, \u00e9 preciso concluir o processo de imuniza\u00e7\u00e3o. Pe\u00e7o que as pessoas tenham essa consci\u00eancia e se vacinem\u201d, frisou durante evento, no Pal\u00e1cio do Buriti, no [&hellip;]<\/p>\n","protected":false},"author":125,"featured_media":5933,"comment_status":"open","ping_status":"open","sticky":false,"template":"","format":"standard","meta":{"footnotes":""},"categories":[6],"tags":[332,274,14],"class_list":["post-5929","post","type-post","status-publish","format-standard","has-post-thumbnail","hentry","category-coluna-capital-s-a","tag-df","tag-vacinacao","tag-refis"],"_links":{"self":[{"href":"https:\/\/blogs.correiobraziliense.com.br\/capital-sa\/wp-json\/wp\/v2\/posts\/5929","targetHints":{"allow":["GET"]}}],"collection":[{"href":"https:\/\/blogs.correiobraziliense.com.br\/capital-sa\/wp-json\/wp\/v2\/posts"}],"about":[{"href":"https:\/\/blogs.correiobraziliense.com.br\/capital-sa\/wp-json\/wp\/v2\/types\/post"}],"author":[{"embeddable":true,"href":"https:\/\/blogs.correiobraziliense.com.br\/capital-sa\/wp-json\/wp\/v2\/users\/125"}],"replies":[{"embeddable":true,"href":"https:\/\/blogs.correiobraziliense.com.br\/capital-sa\/wp-json\/wp\/v2\/comments?post=5929"}],"version-history":[{"count":5,"href":"https:\/\/blogs.correiobraziliense.com.br\/capital-sa\/wp-json\/wp\/v2\/posts\/5929\/revisions"}],"predecessor-version":[{"id":5936,"href":"https:\/\/blogs.correiobraziliense.com.br\/capital-sa\/wp-json\/wp\/v2\/posts\/5929\/revisions\/5936"}],"wp:featuredmedia":[{"embeddable":true,"href":"https:\/\/blogs.correiobraziliense.com.br\/capital-sa\/wp-json\/wp\/v2\/media\/5933"}],"wp:attachment":[{"href":"https:\/\/blogs.correiobraziliense.com.br\/capital-sa\/wp-json\/wp\/v2\/media?parent=5929"}],"wp:term":[{"taxonomy":"category","embeddable":true,"href":"https:\/\/blogs.correiobraziliense.com.br\/capital-sa\/wp-json\/wp\/v2\/categories?post=5929"},{"taxonomy":"post_tag","embeddable":true,"href":"https:\/\/blogs.correiobraziliense.com.br\/capital-sa\/wp-json\/wp\/v2\/tags?post=5929"}],"curies":[{"name":"wp","href":"https:\/\/api.w.org\/{rel}","templated":true}]}}