{"id":5918,"date":"2021-11-24T11:06:11","date_gmt":"2021-11-24T14:06:11","guid":{"rendered":"https:\/\/blogs.correiobraziliense.com.br\/capital-sa\/?p=5918"},"modified":"2021-11-25T08:56:07","modified_gmt":"2021-11-25T11:56:07","slug":"ibaneis-anuncia-novas-medidas-tributarias-no-df-confira-o-que-muda","status":"publish","type":"post","link":"https:\/\/blogs.correiobraziliense.com.br\/capital-sa\/2021\/11\/24\/ibaneis-anuncia-novas-medidas-tributarias-no-df-confira-o-que-muda\/","title":{"rendered":"Ibaneis anuncia novas medidas tribut\u00e1rias no DF. Confira o que muda"},"content":{"rendered":"<p>Por Samanta Sallum<\/p>\n<p class=\"p1\">Pacote de 34 medidas do GDF, que faz parte da segunda etapa do Pr\u00f3-Economia, inclui a isen\u00e7\u00e3o de ICMS nas opera\u00e7\u00f5es de medicamentos destinados ao tratamento de c\u00e2ncer e da Aids. Tamb\u00e9m haver\u00e1 redu\u00e7\u00e3o de IPTU e do ITBI (veja lista abaixo).<\/p>\n<p>A al\u00edquota de IPTU para im\u00f3veis comerciais em constru\u00e7\u00e3o cair\u00e1 para 1%. E o ITBI ser\u00e1 congelado por 90 dias a 1%.<\/p>\n<p>O programa Nota Legal passa a ter pontua\u00e7\u00e3o em dobro para as compras deste Natal. E haver\u00e1 sorteio com pr\u00eamio que pode chegar a R$ 500 mil em dezembro para os contribuintes cadastrados no programa.<\/p>\n<p class=\"p1\"><span class=\"s2\">Projeto de lei tamb\u00e9m ser\u00e1 enviado \u00e0 C\u00e2mara Legislativa para reabrir o Refis (Programa de Incentivo \u00e0 Regulariza\u00e7\u00e3o Fiscal) que vai abranger o per\u00edodo da pandemia. Ao todo, est\u00e3o inscritas na d\u00edvida ativa 388.556 pessoas e 90.785 empresas.<\/span><\/p>\n<p class=\"p1\"><span class=\"s2\">O Pr\u00f3-Economia II re\u00fane a\u00e7\u00f5es na \u00e1rea tribut\u00e1ria que atingem tamb\u00e9m o setor hoteleiro, de transporte, de reciclagem de lixo, do com\u00e9rcio, entre outros. Est\u00e1 prevista, por exemplo, uma cesta b\u00e1sica da constru\u00e7\u00e3o com redu\u00e7\u00e3o de impostos.\u00a0<\/span><\/p>\n<p class=\"p1\"><span class=\"s1\">Ser\u00e1 concedida isen\u00e7\u00e3o de ICMS nas opera\u00e7\u00f5es com areia, brita, tijolo e telha de barro, como est\u00edmulo \u00e0 constru\u00e7\u00e3o civil.<\/span><\/p>\n<p class=\"p2\"><span class=\"s1\">\u00a0<\/span>O governador Ibaneis Rocha e o secret\u00e1rio de Economia, Andr\u00e9 Clemente, est\u00e3o anunciando o pacote de medidas agora em evento no Pal\u00e1cio do Buriti com representantes do setor produtivo no DF.<\/p>\n<p class=\"p1\"><span class=\"s1\">As medidas:<\/span><\/p>\n<p class=\"p1\"><span class=\"s1\">1.\u00a0<\/span><span class=\"s2\">Refis 2021<\/span><\/p>\n<p class=\"p1\"><span class=\"s1\">2. Redu\u00e7\u00e3o de\u00a0<\/span><span class=\"s2\">IPTU de 3% para 1% para im\u00f3veis comerciais em constru\u00e7\u00e3o<\/span><\/p>\n<p class=\"p1\"><span class=\"s1\">3.\u00a0<\/span><span class=\"s2\">Isen\u00e7\u00e3o de ITCD \u00e0s doa\u00e7\u00f5es para o sistema de sa\u00fade privado<\/span><\/p>\n<p class=\"p1\"><span class=\"s1\">4.\u00a0<\/span><span class=\"s2\">Redu\u00e7\u00e3o ITBI para 1% entre janeiro de 2022 e mar\u00e7o de 2022<\/span><\/p>\n<p class=\"p1\"><span class=\"s1\">5.\u00a0<\/span><span class=\"s2\">Redu\u00e7\u00e3o ISS para 3% para hot\u00e9is e hostels<\/span><\/p>\n<p class=\"p1\"><span class=\"s1\">6.\u00a0<\/span><span class=\"s2\">Anistia multas acess\u00f3rias cadastro fiscal<\/span><\/p>\n<p class=\"p1\"><span class=\"s1\">7.\u00a0<\/span><span class=\"s2\">Restitui\u00e7\u00e3o em moeda quando a compensa\u00e7\u00e3o for invi\u00e1vel<\/span><\/p>\n<p class=\"p1\"><span class=\"s1\">8.\u00a0<\/span><span class=\"s2\">Isen\u00e7\u00e3o do IPTU e da TLP para associa\u00e7\u00f5es de catadores de materiais recicl\u00e1veis<\/span><\/p>\n<p class=\"p1\"><span class=\"s1\">9.\u00a0<\/span><span class=\"s2\">Isen\u00e7\u00e3o ICMS &#8211; Vacina Covid<\/span><\/p>\n<p class=\"p1\"><span class=\"s1\">10.\u00a0<\/span><span class=\"s2\">Isen\u00e7\u00e3o ICMS &#8211; medicamento AME: Spinraza (Nusinersena) injection 12mg\/5ml<\/span><\/p>\n<p class=\"p1\"><span class=\"s1\">11.\u00a0<\/span><span class=\"s2\">Pontua\u00e7\u00e3o em dobro Nota Legal \u2013 10 a 24 de dezembro\/2021<\/span><\/p>\n<p class=\"p1\"><span class=\"s1\">12.\u00a0<\/span><span class=\"s2\">Altera\u00e7\u00e3o Decreto RICMS &#8211; condi\u00e7\u00e3o de substituto tribut\u00e1rio aos estabelecimentos industriais ou importadores e aos atacadistas e\/ou distribuidores de tinta automotiva<\/span><\/p>\n<p class=\"p1\"><span class=\"s1\">13.\u00a0<\/span><span class=\"s2\">Institui o Comit\u00ea de Grandes Eventos do Distrito Federal \u2013 CGEDF<\/span><\/p>\n<p class=\"p1\"><span class=\"s1\">14.\u00a0<\/span><span class=\"s2\">Conv\u00eanio ICMS \u2013 absorvente<\/span><\/p>\n<p class=\"p1\"><span class=\"s1\">15.\u00a0<\/span><span class=\"s2\">Conv\u00eanio ICMS \u2013 energia solar e e\u00f3lica<\/span><\/p>\n<p class=\"p1\"><span class=\"s1\">16.\u00a0<\/span><span class=\"s2\">Conv\u00eanio ICMS \u2013 \u00f3leo diesel e biodiesel transporte coletivo<\/span><\/p>\n<p class=\"p1\"><span class=\"s1\">17.\u00a0<\/span><span class=\"s2\">Conv\u00eanio ICMS \u2013 cesta b\u00e1sica dos materiais de constru\u00e7\u00e3o<\/span><\/p>\n<p class=\"p1\"><span class=\"s1\">18.\u00a0<\/span><span class=\"s2\">Conv\u00eanio ICMS \u2013 devolu\u00e7\u00e3o de pe\u00e7as com defeito<\/span><\/p>\n<p class=\"p1\"><span class=\"s1\">19.\u00a0<\/span><span class=\"s2\">Conv\u00eanio ICMS \u2013 equipamentos e insumos destinados \u00e0 presta\u00e7\u00e3o de servi\u00e7os de sa\u00fade \u2013 hemodi\u00e1lise<\/span><\/p>\n<p class=\"p1\"><span class=\"s1\">20. Isen\u00e7\u00e3o do ICMS nas opera\u00e7\u00f5es que destinem mercadorias ao Programa de Moderniza\u00e7\u00e3o e Consolida\u00e7\u00e3o da Infraestrutura Acad\u00eamica das Institui\u00e7\u00f5es Federais de Ensino Superior &#8211; \u00a0IFES e Hospitais Universit\u00e1rios &#8211; HUs<\/span><\/p>\n<p class=\"p1\"><span class=\"s1\">21.\u00a0<\/span><span class=\"s2\">Isen\u00e7\u00e3o do ICMS nas opera\u00e7\u00f5es internas com produtos vegetais destinados \u00e0 produ\u00e7\u00e3o de biodiesel<\/span><\/p>\n<p class=\"p1\"><span class=\"s1\">22.\u00a0<\/span><span class=\"s2\">Isen\u00e7\u00e3o do ICMS nas opera\u00e7\u00f5es com embalagens de agrot\u00f3xicos usadas e lavadas<\/span><\/p>\n<p class=\"p1\"><span class=\"s1\">23.\u00a0<\/span><span class=\"s2\">Conv\u00eanio ICMS \u2013 cr\u00e9dito presumido na aquisi\u00e7\u00e3o de energia el\u00e9trica e de servi\u00e7o de comunica\u00e7\u00e3o<\/span><\/p>\n<p class=\"p1\"><span class=\"s1\">24.\u00a0<\/span><span class=\"s2\">Isen\u00e7\u00e3o do ICMS nas opera\u00e7\u00f5es com medicamentos destinados ao tratamento de c\u00e2ncer<\/span><\/p>\n<p class=\"p1\"><span class=\"s1\">25.\u00a0<\/span><span class=\"s2\">Isen\u00e7\u00e3o do ICMS nas opera\u00e7\u00f5es com f\u00e1rmacos e medicamentos destinados a \u00f3rg\u00e3os da Administra\u00e7\u00e3o P\u00fablica Direta Federal, Estadual e Municipal<\/span><\/p>\n<p class=\"p1\"><span class=\"s1\">26.\u00a0<\/span><span class=\"s2\">Isen\u00e7\u00e3o do ICMS \u00e0s opera\u00e7\u00f5es com equipamentos e insumos destinados \u00e0 presta\u00e7\u00e3o de servi\u00e7os de sa\u00fade<\/span><\/p>\n<p class=\"p1\"><span class=\"s1\">27.\u00a0<\/span><span class=\"s2\">Isen\u00e7\u00e3o do ICMS nas opera\u00e7\u00f5es com mercadorias ou bens destinados ou provenientes do exterior<\/span><\/p>\n<p class=\"p1\"><span class=\"s1\">28.\u00a0<\/span><span class=\"s2\">Isen\u00e7\u00e3o do ICMS a opera\u00e7\u00f5es com medicamento destinado ao tratamento dos portadores do v\u00edrus da Aids<\/span><\/p>\n<p class=\"p1\"><span class=\"s1\">29.\u00a0<\/span><span class=\"s2\">Isen\u00e7\u00e3o do ICMS nas opera\u00e7\u00f5es com medicamentos<\/span><\/p>\n<p class=\"p1\"><span class=\"s1\">30.\u00a0<\/span><span class=\"s2\">Conv\u00eanio ICMS \u2013 equipara \u00e0 exporta\u00e7\u00e3o o fornecimento de produtos para uso ou consumo de embarca\u00e7\u00f5es ou aeronaves de bandeira estrangeira aportadas no pa\u00eds<\/span><\/p>\n<p class=\"p1\"><span class=\"s1\">31.\u00a0<\/span><span class=\"s2\">Autoriza concess\u00e3o semelhante tratamento tribut\u00e1rio do ICMS nas opera\u00e7\u00f5es destinadas a \u00f3rg\u00e3os da administra\u00e7\u00e3o p\u00fablica estadual direta e suas funda\u00e7\u00f5es e autarquias, por meio dos Cons\u00f3rcios Brasil Central, Nordeste e Amaz\u00f4nia Legal<\/span><\/p>\n<p class=\"p1\"><span class=\"s1\">32.\u00a0<\/span><span class=\"s2\">Isen\u00e7\u00e3o do ICMS incidente nas opera\u00e7\u00f5es e correspondentes presta\u00e7\u00f5es de servi\u00e7o de transporte realizadas no \u00e2mbito das medidas de preven\u00e7\u00e3o ao cont\u00e1gio e de enfrentamento \u00e0 pandemia causada pelo novo agente do Coronav\u00edrus (SARS-CoV-2)<\/span><\/p>\n<p class=\"p1\"><span class=\"s1\">33.\u00a0<\/span><span class=\"s2\">Isen\u00e7\u00e3o do ICMS a opera\u00e7\u00f5es com medicamento destinado a tratamento da Atrofia Muscular Espinal \u2013 AME (novo medicamento: Ridisplam)<\/span><\/p>\n<p class=\"p1\"><span class=\"s1\">34.\u00a0<\/span><span class=\"s2\">Previs\u00e3o de sorteio semestral do Nota Legal<\/span><\/p>\n","protected":false},"excerpt":{"rendered":"<p>Por Samanta Sallum Pacote de 34 medidas do GDF, que faz parte da segunda etapa do Pr\u00f3-Economia, inclui a isen\u00e7\u00e3o de ICMS nas opera\u00e7\u00f5es de medicamentos destinados ao tratamento de c\u00e2ncer e da Aids. Tamb\u00e9m haver\u00e1 redu\u00e7\u00e3o de IPTU e do ITBI (veja lista abaixo). A al\u00edquota de IPTU para im\u00f3veis comerciais em constru\u00e7\u00e3o cair\u00e1 para 1%. E o ITBI [&hellip;]<\/p>\n","protected":false},"author":125,"featured_media":5927,"comment_status":"open","ping_status":"open","sticky":false,"template":"","format":"standard","meta":{"footnotes":""},"categories":[6],"tags":[203,521,70],"class_list":["post-5918","post","type-post","status-publish","format-standard","has-post-thumbnail","hentry","category-coluna-capital-s-a","tag-gdf","tag-pro-economia","tag-ibaneis"],"_links":{"self":[{"href":"https:\/\/blogs.correiobraziliense.com.br\/capital-sa\/wp-json\/wp\/v2\/posts\/5918","targetHints":{"allow":["GET"]}}],"collection":[{"href":"https:\/\/blogs.correiobraziliense.com.br\/capital-sa\/wp-json\/wp\/v2\/posts"}],"about":[{"href":"https:\/\/blogs.correiobraziliense.com.br\/capital-sa\/wp-json\/wp\/v2\/types\/post"}],"author":[{"embeddable":true,"href":"https:\/\/blogs.correiobraziliense.com.br\/capital-sa\/wp-json\/wp\/v2\/users\/125"}],"replies":[{"embeddable":true,"href":"https:\/\/blogs.correiobraziliense.com.br\/capital-sa\/wp-json\/wp\/v2\/comments?post=5918"}],"version-history":[{"count":9,"href":"https:\/\/blogs.correiobraziliense.com.br\/capital-sa\/wp-json\/wp\/v2\/posts\/5918\/revisions"}],"predecessor-version":[{"id":5934,"href":"https:\/\/blogs.correiobraziliense.com.br\/capital-sa\/wp-json\/wp\/v2\/posts\/5918\/revisions\/5934"}],"wp:featuredmedia":[{"embeddable":true,"href":"https:\/\/blogs.correiobraziliense.com.br\/capital-sa\/wp-json\/wp\/v2\/media\/5927"}],"wp:attachment":[{"href":"https:\/\/blogs.correiobraziliense.com.br\/capital-sa\/wp-json\/wp\/v2\/media?parent=5918"}],"wp:term":[{"taxonomy":"category","embeddable":true,"href":"https:\/\/blogs.correiobraziliense.com.br\/capital-sa\/wp-json\/wp\/v2\/categories?post=5918"},{"taxonomy":"post_tag","embeddable":true,"href":"https:\/\/blogs.correiobraziliense.com.br\/capital-sa\/wp-json\/wp\/v2\/tags?post=5918"}],"curies":[{"name":"wp","href":"https:\/\/api.w.org\/{rel}","templated":true}]}}