{"id":5912,"date":"2021-11-23T22:51:12","date_gmt":"2021-11-24T01:51:12","guid":{"rendered":"https:\/\/blogs.correiobraziliense.com.br\/capital-sa\/?p=5912"},"modified":"2021-11-23T22:51:12","modified_gmt":"2021-11-24T01:51:12","slug":"travessa-abre-as-portas-com-livros-de-dad-squarisi-e-daniela-migliari","status":"publish","type":"post","link":"https:\/\/blogs.correiobraziliense.com.br\/capital-sa\/2021\/11\/23\/travessa-abre-as-portas-com-livros-de-dad-squarisi-e-daniela-migliari\/","title":{"rendered":"Travessa abre as portas com livros   de Dad Squarisi e Daniela Migliari"},"content":{"rendered":"<p>Como a coluna adiantou, ser\u00e1 inaugurado <a href=\"\/\/0\">no pr\u00f3ximo s\u00e1bado<\/a> (27) o novo espa\u00e7o cultural do Shopping CasaPark. Ele re\u00fane a Galeria Casa, a Livraria da Travessa, o Caf\u00e9 Acervo e a Vinalla Vinhos.<\/p>\n<p>Contar\u00e1 no dia com uma programa\u00e7\u00e3o especial. Das 15h <a href=\"\/\/1\">\u00e0s 18h<\/a>, acontece o lan\u00e7amento do livro <em>Ravi, o espelho que aprendeu a brilhar<\/em>, de Daniela Migliari. Das 18h <a href=\"\/\/2\">\u00e0s 22h<\/a>, ser\u00e1 a sess\u00e3o de aut\u00f3grafos do livro <em>As maravilhas de Bras\u00edlia<\/em>, de Dad Squarisi.<\/p>\n","protected":false},"excerpt":{"rendered":"<p>Como a coluna adiantou, ser\u00e1 inaugurado no pr\u00f3ximo s\u00e1bado (27) o novo espa\u00e7o cultural do Shopping CasaPark. Ele re\u00fane a Galeria Casa, a Livraria da Travessa, o Caf\u00e9 Acervo e a Vinalla Vinhos. Contar\u00e1 no dia com uma programa\u00e7\u00e3o especial. Das 15h \u00e0s 18h, acontece o lan\u00e7amento do livro Ravi, o espelho que aprendeu a brilhar, de Daniela Migliari. Das [&hellip;]<\/p>\n","protected":false},"author":125,"featured_media":5916,"comment_status":"open","ping_status":"open","sticky":false,"template":"","format":"standard","meta":{"footnotes":""},"categories":[6],"tags":[],"class_list":["post-5912","post","type-post","status-publish","format-standard","has-post-thumbnail","hentry","category-coluna-capital-s-a"],"_links":{"self":[{"href":"https:\/\/blogs.correiobraziliense.com.br\/capital-sa\/wp-json\/wp\/v2\/posts\/5912","targetHints":{"allow":["GET"]}}],"collection":[{"href":"https:\/\/blogs.correiobraziliense.com.br\/capital-sa\/wp-json\/wp\/v2\/posts"}],"about":[{"href":"https:\/\/blogs.correiobraziliense.com.br\/capital-sa\/wp-json\/wp\/v2\/types\/post"}],"author":[{"embeddable":true,"href":"https:\/\/blogs.correiobraziliense.com.br\/capital-sa\/wp-json\/wp\/v2\/users\/125"}],"replies":[{"embeddable":true,"href":"https:\/\/blogs.correiobraziliense.com.br\/capital-sa\/wp-json\/wp\/v2\/comments?post=5912"}],"version-history":[{"count":2,"href":"https:\/\/blogs.correiobraziliense.com.br\/capital-sa\/wp-json\/wp\/v2\/posts\/5912\/revisions"}],"predecessor-version":[{"id":5914,"href":"https:\/\/blogs.correiobraziliense.com.br\/capital-sa\/wp-json\/wp\/v2\/posts\/5912\/revisions\/5914"}],"wp:featuredmedia":[{"embeddable":true,"href":"https:\/\/blogs.correiobraziliense.com.br\/capital-sa\/wp-json\/wp\/v2\/media\/5916"}],"wp:attachment":[{"href":"https:\/\/blogs.correiobraziliense.com.br\/capital-sa\/wp-json\/wp\/v2\/media?parent=5912"}],"wp:term":[{"taxonomy":"category","embeddable":true,"href":"https:\/\/blogs.correiobraziliense.com.br\/capital-sa\/wp-json\/wp\/v2\/categories?post=5912"},{"taxonomy":"post_tag","embeddable":true,"href":"https:\/\/blogs.correiobraziliense.com.br\/capital-sa\/wp-json\/wp\/v2\/tags?post=5912"}],"curies":[{"name":"wp","href":"https:\/\/api.w.org\/{rel}","templated":true}]}}