{"id":5906,"date":"2021-11-23T22:30:35","date_gmt":"2021-11-24T01:30:35","guid":{"rendered":"https:\/\/blogs.correiobraziliense.com.br\/capital-sa\/?p=5906"},"modified":"2021-11-23T22:30:35","modified_gmt":"2021-11-24T01:30:35","slug":"de-olho-na-luos","status":"publish","type":"post","link":"https:\/\/blogs.correiobraziliense.com.br\/capital-sa\/2021\/11\/23\/de-olho-na-luos\/","title":{"rendered":"De olho na Luos"},"content":{"rendered":"<p>Os conselhos comunit\u00e1rios do Lago Sul, Lago Norte e Park Way n\u00e3o baixaram a guarda em rela\u00e7\u00e3o \u00e0 nova proposta de Lei de Uso e Ocupa\u00e7\u00e3o do Solo (Luos), que est\u00e1 na C\u00e2mara Legislativa.<\/p>\n<p>O an\u00fancio feito pelo presidente da Casa, Rafael Prudente,\u00a0e pelo secret\u00e1rio de Desenvolvimento Urbano, Mateus Oliveira, de que n\u00e3o haveria altera\u00e7\u00e3o alguma nessas regi\u00f5es, de que as caracter\u00edsticas residenciais seriam mantidas, n\u00e3o foi suficiente para acalmar os moradores.<\/p>\n<p>Eles temem uma reviravolta, ou uma vota\u00e7\u00e3o a toque de caixa, ao apagar das luzes, na \u00faltima sess\u00e3o legislativa do ano.<\/p>\n<p>\u201cEstamos atentos e acompanhando de perto. Colhendo depoimentos dos moradores para refor\u00e7ar que nossas comunidades n\u00e3o aceitam uma invas\u00e3o de atividades comerciais\u201d, frisa Natanry\u00a0Os\u00f3rio, lideran\u00e7a comunit\u00e1ria do Lago Sul.<\/p>\n","protected":false},"excerpt":{"rendered":"<p>Os conselhos comunit\u00e1rios do Lago Sul, Lago Norte e Park Way n\u00e3o baixaram a guarda em rela\u00e7\u00e3o \u00e0 nova proposta de Lei de Uso e Ocupa\u00e7\u00e3o do Solo (Luos), que est\u00e1 na C\u00e2mara Legislativa. O an\u00fancio feito pelo presidente da Casa, Rafael Prudente,\u00a0e pelo secret\u00e1rio de Desenvolvimento Urbano, Mateus Oliveira, de que n\u00e3o haveria altera\u00e7\u00e3o alguma nessas regi\u00f5es, de que [&hellip;]<\/p>\n","protected":false},"author":125,"featured_media":5910,"comment_status":"open","ping_status":"open","sticky":false,"template":"","format":"standard","meta":{"footnotes":""},"categories":[6],"tags":[],"class_list":["post-5906","post","type-post","status-publish","format-standard","has-post-thumbnail","hentry","category-coluna-capital-s-a"],"_links":{"self":[{"href":"https:\/\/blogs.correiobraziliense.com.br\/capital-sa\/wp-json\/wp\/v2\/posts\/5906","targetHints":{"allow":["GET"]}}],"collection":[{"href":"https:\/\/blogs.correiobraziliense.com.br\/capital-sa\/wp-json\/wp\/v2\/posts"}],"about":[{"href":"https:\/\/blogs.correiobraziliense.com.br\/capital-sa\/wp-json\/wp\/v2\/types\/post"}],"author":[{"embeddable":true,"href":"https:\/\/blogs.correiobraziliense.com.br\/capital-sa\/wp-json\/wp\/v2\/users\/125"}],"replies":[{"embeddable":true,"href":"https:\/\/blogs.correiobraziliense.com.br\/capital-sa\/wp-json\/wp\/v2\/comments?post=5906"}],"version-history":[{"count":3,"href":"https:\/\/blogs.correiobraziliense.com.br\/capital-sa\/wp-json\/wp\/v2\/posts\/5906\/revisions"}],"predecessor-version":[{"id":5909,"href":"https:\/\/blogs.correiobraziliense.com.br\/capital-sa\/wp-json\/wp\/v2\/posts\/5906\/revisions\/5909"}],"wp:featuredmedia":[{"embeddable":true,"href":"https:\/\/blogs.correiobraziliense.com.br\/capital-sa\/wp-json\/wp\/v2\/media\/5910"}],"wp:attachment":[{"href":"https:\/\/blogs.correiobraziliense.com.br\/capital-sa\/wp-json\/wp\/v2\/media?parent=5906"}],"wp:term":[{"taxonomy":"category","embeddable":true,"href":"https:\/\/blogs.correiobraziliense.com.br\/capital-sa\/wp-json\/wp\/v2\/categories?post=5906"},{"taxonomy":"post_tag","embeddable":true,"href":"https:\/\/blogs.correiobraziliense.com.br\/capital-sa\/wp-json\/wp\/v2\/tags?post=5906"}],"curies":[{"name":"wp","href":"https:\/\/api.w.org\/{rel}","templated":true}]}}