{"id":588,"date":"2020-11-12T21:30:26","date_gmt":"2020-11-13T00:30:26","guid":{"rendered":"https:\/\/blogs.correiobraziliense.com.br\/capital-sa\/?p=588"},"modified":"2020-11-12T21:55:05","modified_gmt":"2020-11-13T00:55:05","slug":"projeto-para-farmacia-aferir-pressao-e-temperatura-de-graca-sera-reavaliado","status":"publish","type":"post","link":"https:\/\/blogs.correiobraziliense.com.br\/capital-sa\/2020\/11\/12\/projeto-para-farmacia-aferir-pressao-e-temperatura-de-graca-sera-reavaliado\/","title":{"rendered":"Projeto para farm\u00e1cia aferir press\u00e3o de gra\u00e7a ser\u00e1 arquivado"},"content":{"rendered":"<p>Depois de ouvir o Sindicato do Com\u00e9rcio Varejista de Produtos Farmac\u00eauticos do Distrito Federal (Sincofarma), o deputado distrital Fernando Fernandes (Pros) decidiu arquivar o Projeto de Lei n\u00ba. 1123\/2020. A proposta obrigava farm\u00e1cias a prestarem servi\u00e7o gratuito de aferi\u00e7\u00e3o de press\u00e3o arterial e temperatura corporal.<\/p>\n<p>O presidente do Sindicato Sincofarma, Francisco Messias, esteve reunido hoje na sede da Federa\u00e7\u00e3o do Com\u00e9rcio, com o parlamentar.<\/p>\n<p>O deputado informou que arquivaria o projeto para rediscuti-lo em parceria com o setor.<\/p>\n<p><strong>Impacto<\/strong><\/p>\n<p>Messias explicou que, se fosse aprovado, o texto previa multa de R$ 500 a R$ 10 mil para a empresa que descumprisse as regras e at\u00e9 cassa\u00e7\u00e3o de alvar\u00e1.<\/p>\n<p>\u201cEstamos felizes por conseguir entrar em um acordo. Muitas farm\u00e1cias n\u00e3o se enquadrariam nas especifica\u00e7\u00f5es exigidas de espa\u00e7o, por exemplo\u201d, disse.<\/p>\n<p><strong>Acordo<\/strong><\/p>\n<p>Um novo projeto de lei com benef\u00edcios para os empres\u00e1rios e a popula\u00e7\u00e3o deve ser apresentado.<\/p>\n<p>Messias agradeceu o apoio da Fecom\u00e9rcio na intermedia\u00e7\u00e3o do acordo, por meio da assessoria de Rela\u00e7\u00f5es Institucionais.<\/p>\n","protected":false},"excerpt":{"rendered":"<p>Depois de ouvir o Sindicato do Com\u00e9rcio Varejista de Produtos Farmac\u00eauticos do Distrito Federal (Sincofarma), o deputado distrital Fernando Fernandes (Pros) decidiu arquivar o Projeto de Lei n\u00ba. 1123\/2020. A proposta obrigava farm\u00e1cias a prestarem servi\u00e7o gratuito de aferi\u00e7\u00e3o de press\u00e3o arterial e temperatura corporal. O presidente do Sindicato Sincofarma, Francisco Messias, esteve reunido hoje na sede da Federa\u00e7\u00e3o do [&hellip;]<\/p>\n","protected":false},"author":125,"featured_media":589,"comment_status":"open","ping_status":"open","sticky":false,"template":"","format":"standard","meta":{"footnotes":""},"categories":[6],"tags":[],"class_list":["post-588","post","type-post","status-publish","format-standard","has-post-thumbnail","hentry","category-coluna-capital-s-a"],"_links":{"self":[{"href":"https:\/\/blogs.correiobraziliense.com.br\/capital-sa\/wp-json\/wp\/v2\/posts\/588","targetHints":{"allow":["GET"]}}],"collection":[{"href":"https:\/\/blogs.correiobraziliense.com.br\/capital-sa\/wp-json\/wp\/v2\/posts"}],"about":[{"href":"https:\/\/blogs.correiobraziliense.com.br\/capital-sa\/wp-json\/wp\/v2\/types\/post"}],"author":[{"embeddable":true,"href":"https:\/\/blogs.correiobraziliense.com.br\/capital-sa\/wp-json\/wp\/v2\/users\/125"}],"replies":[{"embeddable":true,"href":"https:\/\/blogs.correiobraziliense.com.br\/capital-sa\/wp-json\/wp\/v2\/comments?post=588"}],"version-history":[{"count":4,"href":"https:\/\/blogs.correiobraziliense.com.br\/capital-sa\/wp-json\/wp\/v2\/posts\/588\/revisions"}],"predecessor-version":[{"id":593,"href":"https:\/\/blogs.correiobraziliense.com.br\/capital-sa\/wp-json\/wp\/v2\/posts\/588\/revisions\/593"}],"wp:featuredmedia":[{"embeddable":true,"href":"https:\/\/blogs.correiobraziliense.com.br\/capital-sa\/wp-json\/wp\/v2\/media\/589"}],"wp:attachment":[{"href":"https:\/\/blogs.correiobraziliense.com.br\/capital-sa\/wp-json\/wp\/v2\/media?parent=588"}],"wp:term":[{"taxonomy":"category","embeddable":true,"href":"https:\/\/blogs.correiobraziliense.com.br\/capital-sa\/wp-json\/wp\/v2\/categories?post=588"},{"taxonomy":"post_tag","embeddable":true,"href":"https:\/\/blogs.correiobraziliense.com.br\/capital-sa\/wp-json\/wp\/v2\/tags?post=588"}],"curies":[{"name":"wp","href":"https:\/\/api.w.org\/{rel}","templated":true}]}}