{"id":58,"date":"2020-09-28T08:55:46","date_gmt":"2020-09-28T11:55:46","guid":{"rendered":"https:\/\/blogs.correiobraziliense.com.br\/capital-sa\/?p=58"},"modified":"2020-09-28T09:05:10","modified_gmt":"2020-09-28T12:05:10","slug":"bancada-do-df-no-congresso-confere-trabalho-do-sistema-s","status":"publish","type":"post","link":"https:\/\/blogs.correiobraziliense.com.br\/capital-sa\/2020\/09\/28\/bancada-do-df-no-congresso-confere-trabalho-do-sistema-s\/","title":{"rendered":"Bancada do DF no Congresso conhece trabalho do Sistema S"},"content":{"rendered":"<p>A bancada do DF no Congresso Nacional esteve em peso no Sesc de Ceil\u00e2ndia para ver de perto o trabalho social realizado nas \u00e1reas de sa\u00fade, educa\u00e7\u00e3o, cultura e qualifica\u00e7\u00e3o profissional do sistema S.<\/p>\n<p>O presidente da Fecom\u00e9rcio-DF, Francisco Maia, ao receber os parlamentares, reafirmou a import\u00e2ncia social da presen\u00e7a do Sesc e Senac nas cidades.<\/p>\n<p>\u201cMesmo nesta batalha \u00e1rdua que enfrentamos, com o iminente corte das verbas do sistema pelo governo Federal, o Sesc, o Senac e a Fecom\u00e9rcio est\u00e3o realizando diversos projetos para ajudar a popula\u00e7\u00e3o nesse momento de crise; entre eles: entrega de m\u00e1scaras, oferta de cursos, programa de arrecada\u00e7\u00e3o de alimentos e muito mais.\u201d<\/p>\n<p>Estiveram presentes \u00e0 visita os senadores Izalci Lucas e Leila Barros; os deputados federais Lu\u00eds Miranda, Tadeu Filippelli, Erika Kokay, Julio Cesar, Professor Israel e Paula Belmonte.<\/p>\n<h3>Vale Ouro<\/h3>\n<p>Jo\u00e3o Emanuel , de 15 anos , foi atleta destaque do Sesc DF, ganhou v\u00e1rios campeonatos, inclusive Centro-Oeste. Come\u00e7ou a nadar no Sesc-Gama aos 5 anos. Agora, em 2020, tornou-se atleta federado do Iate Clube de Brasilia.<\/p>\n","protected":false},"excerpt":{"rendered":"<p>A bancada do DF no Congresso Nacional esteve em peso no Sesc de Ceil\u00e2ndia para ver de perto o trabalho social realizado nas \u00e1reas de sa\u00fade, educa\u00e7\u00e3o, cultura e qualifica\u00e7\u00e3o profissional do sistema S. O presidente da Fecom\u00e9rcio-DF, Francisco Maia, ao receber os parlamentares, reafirmou a import\u00e2ncia social da presen\u00e7a do Sesc e Senac nas cidades. \u201cMesmo nesta batalha \u00e1rdua [&hellip;]<\/p>\n","protected":false},"author":125,"featured_media":53,"comment_status":"open","ping_status":"open","sticky":false,"template":"","format":"standard","meta":{"footnotes":""},"categories":[1],"tags":[25,26,24,22],"class_list":["post-58","post","type-post","status-publish","format-standard","has-post-thumbnail","hentry","category-sem-categoria","tag-congresso-nacional","tag-fecomercio","tag-sesc-ceilandia","tag-sistema-s"],"_links":{"self":[{"href":"https:\/\/blogs.correiobraziliense.com.br\/capital-sa\/wp-json\/wp\/v2\/posts\/58","targetHints":{"allow":["GET"]}}],"collection":[{"href":"https:\/\/blogs.correiobraziliense.com.br\/capital-sa\/wp-json\/wp\/v2\/posts"}],"about":[{"href":"https:\/\/blogs.correiobraziliense.com.br\/capital-sa\/wp-json\/wp\/v2\/types\/post"}],"author":[{"embeddable":true,"href":"https:\/\/blogs.correiobraziliense.com.br\/capital-sa\/wp-json\/wp\/v2\/users\/125"}],"replies":[{"embeddable":true,"href":"https:\/\/blogs.correiobraziliense.com.br\/capital-sa\/wp-json\/wp\/v2\/comments?post=58"}],"version-history":[{"count":2,"href":"https:\/\/blogs.correiobraziliense.com.br\/capital-sa\/wp-json\/wp\/v2\/posts\/58\/revisions"}],"predecessor-version":[{"id":60,"href":"https:\/\/blogs.correiobraziliense.com.br\/capital-sa\/wp-json\/wp\/v2\/posts\/58\/revisions\/60"}],"wp:featuredmedia":[{"embeddable":true,"href":"https:\/\/blogs.correiobraziliense.com.br\/capital-sa\/wp-json\/wp\/v2\/media\/53"}],"wp:attachment":[{"href":"https:\/\/blogs.correiobraziliense.com.br\/capital-sa\/wp-json\/wp\/v2\/media?parent=58"}],"wp:term":[{"taxonomy":"category","embeddable":true,"href":"https:\/\/blogs.correiobraziliense.com.br\/capital-sa\/wp-json\/wp\/v2\/categories?post=58"},{"taxonomy":"post_tag","embeddable":true,"href":"https:\/\/blogs.correiobraziliense.com.br\/capital-sa\/wp-json\/wp\/v2\/tags?post=58"}],"curies":[{"name":"wp","href":"https:\/\/api.w.org\/{rel}","templated":true}]}}