{"id":5776,"date":"2021-11-11T15:01:14","date_gmt":"2021-11-11T18:01:14","guid":{"rendered":"https:\/\/blogs.correiobraziliense.com.br\/capital-sa\/?p=5776"},"modified":"2021-11-12T19:14:13","modified_gmt":"2021-11-12T22:14:13","slug":"e-urgente-a-mudanca-de-matriz-economica-no-df","status":"publish","type":"post","link":"https:\/\/blogs.correiobraziliense.com.br\/capital-sa\/2021\/11\/11\/e-urgente-a-mudanca-de-matriz-economica-no-df\/","title":{"rendered":"\u00c9 urgente a mudan\u00e7a de matriz econ\u00f4mica no DF"},"content":{"rendered":"<div>Por Samanta Sallum\u00a0<span style=\"font-size: large\">\u00a0<\/span><\/div>\n<div><span style=\"font-size: large\"><br \/>\nA areia da ampulheta escorre r\u00e1pido. Se a capital federal n\u00e3o mudar a estrutura da pir\u00e2mide que sustenta a economia local, n\u00e3o conseguir\u00e1 mais sustentar- se. As proje\u00e7\u00f5es das contas p\u00fablicas apontam que o atual formato, em que o Estado \u00e9 o maior provedor, est\u00e1 com os dias contados. A data limite \u00e9 2030.<\/span><\/div>\n<div><\/div>\n<div><\/div>\n<div><\/div>\n<div>\n<p>Por ano, o DF registra um aumento de 120 mil habitantes. Como ter uma arrecada\u00e7\u00e3o tribut\u00e1ria\u00a0que garanta os servi\u00e7os essenciais \u00e0 popula\u00e7\u00e3o?\u00a0 Para isso, \u00e9 preciso estimular o crescimento do com\u00e9rcio, ind\u00fastria e presta\u00e7\u00e3o de servi\u00e7os.<\/p>\n<\/div>\n<div><span style=\"font-size: large\">Os caminhos j\u00e1 est\u00e3o\u00a0tra\u00e7ados no projeto Bras\u00edlia 2060 para tentar virar esse jogo, mas ser\u00e1 necess\u00e1rio o esfor\u00e7o concentrado do GDF e do setor produtivo para n\u00e3o deixar o trem descarrilhar: o que colocaria em risco, por exemplo, o pagamento do funcionalismo local.\u00a0<\/span><\/div>\n<div><\/div>\n<div><\/div>\n<div><span style=\"font-size: large\"><br \/>\nO raio X dessa engrenagem foi apresentado ontem no evento Correio Talks, que contou com a participa\u00e7\u00e3o de representantes do setor produtivo, do GDF e do presidente da C\u00e2mara Legislativa, Rafael Prudente. \u00a0E, do debate, dividido em dois pain\u00e9is, saiu um consenso. Todos querem um crescimento econ\u00f4mico r\u00e1pido, por\u00e9m sustent\u00e1vel e dentro da legalidade para a nossa capital da Rep\u00fablica.\u00a0<\/span><\/div>\n<div><span style=\"font-size: large\">\u00a0<\/span><\/div>\n<div><b>Mateus que embale\u00a0<\/b><\/div>\n<div><span style=\"font-size: large\">\u00a0<\/span><\/div>\n<div>\n<p><span style=\"font-size: large\">Houve grande expectativa sobre a participa\u00e7\u00e3o de Rafael Prudente, presidente da C\u00e2mara Legislativa. O deputado e o secret\u00e1rio Mateus Oliveira pareciam ter aparado as arestas provocadas pelo impasse na vota\u00e7\u00e3o da Luos. Mas, apesar do clima de diplomacia, nenhum dos dois mudou de posi\u00e7\u00e3o.<\/span><\/p>\n<p>&nbsp;<\/p>\n<\/div>\n<div><img loading=\"lazy\" decoding=\"async\" class=\"aligncenter size-medium wp-image-5787\" src=\"https:\/\/blogs.correiobraziliense.com.br\/capital-sa\/wp-content\/uploads\/sites\/59\/2021\/11\/BAC16D75-BC7E-40FC-B4B7-A63E41E9836F-300x270.jpeg\" alt=\"\" width=\"300\" height=\"270\" srcset=\"https:\/\/blogs.correiobraziliense.com.br\/capital-sa\/wp-content\/uploads\/sites\/59\/2021\/11\/BAC16D75-BC7E-40FC-B4B7-A63E41E9836F-300x270.jpeg 300w, https:\/\/blogs.correiobraziliense.com.br\/capital-sa\/wp-content\/uploads\/sites\/59\/2021\/11\/BAC16D75-BC7E-40FC-B4B7-A63E41E9836F-230x207.jpeg 230w, https:\/\/blogs.correiobraziliense.com.br\/capital-sa\/wp-content\/uploads\/sites\/59\/2021\/11\/BAC16D75-BC7E-40FC-B4B7-A63E41E9836F.jpeg 357w\" sizes=\"auto, (max-width: 300px) 100vw, 300px\" \/><\/div>\n<div><\/div>\n<div><\/div>\n<div><span style=\"font-size: large\">Parece haver uma guerra fria entre eles. Prudente disse que o projeto deveria voltar para as m\u00e3os de Mateus, ou seja do GDF. J\u00e1 o secret\u00e1rio de Desenvolvimento Urbano insistiu que a Luos permane\u00e7a no Legislativo local e se disp\u00f4s a criar uma comiss\u00e3o t\u00e9cnica para auxiliar os parlamentares no que fosse preciso.<\/span><\/div>\n<div><\/div>\n<div><\/div>\n<div><\/div>\n<div><\/div>\n<div><b><br \/>\nApelo em coro\u00a0<\/b><\/div>\n<div>\n<div>O secret\u00e1rio Mateus e os representantes da Fecom\u00e9rcio, Ademi, Sinduscon e Fibra, em coro, pediram a aprecia\u00e7\u00e3o da Luos pelos distritais ainda este ano. As falas tiveram tom de apelo e foram embasadas em quest\u00f5es t\u00e9cnicas.\u00a0As entidades refor\u00e7am\u00a0que postergar a vota\u00e7\u00e3o provoca preju\u00edzos\u00a0para cidade, atrasando projetos importantes habitacionais\u00a0e comerciais.<\/div>\n<\/div>\n<div><\/div>\n<div><\/div>\n<div><span style=\"font-size: large\">\u00a0<\/span><b>Sintonia depois do gongo<\/b><\/div>\n<div><span style=\"font-size: large\">\u00a0<\/span><\/div>\n<div><span style=\"font-size: large\">J\u00e1 o secret\u00e1rio de Economia, Andr\u00e9 Clemente, n\u00e3o enfrenta resist\u00eancias de Prudente. Encontra sinal verde para o envio e a aprova\u00e7\u00e3o dos projetos de sua pasta. Os dois demonstraram ter sintonia fina no \u00faltimo ano. Mas o pr\u00f3prio Prudente lembrou que a primeira vers\u00e3o do Refis foi gongada na C\u00e2mara Legislativa. E o projeto acabou sendo remodelado pelo Buriti e enviado novamente para ser\u00a0finalmente aprovado. \u00b4\u00b4Eu avisei que o Refis n\u00e3o passaria naquela \u00e9poca e n\u00e3o passou. Estou avisando de novo agora sobre a Luos\u00b4\u00b4, comparou Prudente.<\/span><\/div>\n<div><span style=\"font-size: large\">\u00a0<\/span><\/div>\n<div><span style=\"font-size: large\">\u00a0<\/span><span style=\"font-size: large\"><b>Desde criancinha\u00a0<\/b><\/span><\/div>\n<div><span style=\"font-size: large\">\u00a0<\/span><\/div>\n<div><span style=\"font-size: large\">Sobre a Lei dos Puxadinhos, Prudente descontraiu, dizendo que &#8220;desde criancinha&#8221; ouvia falar nisso. O parlamentar afirmou que \u00e9 preciso solucionar a quest\u00e3o e que o projeto est\u00e1 na pauta da C\u00e2mara.\u00a0<\/span><\/div>\n<div><span style=\"font-size: large\">\u00a0<\/span><\/div>\n<div><b>Auditor sens\u00edvel\u00a0<\/b><\/div>\n<div><span style=\"font-size: large\"><br \/>\n<\/span><span style=\"font-size: large\">O superintendente do Sebrae DF, Valdir Oliveira,\u00a0 provocou de forma bem-humorada Andr\u00e9\u00a0Clemente, que \u00e9 auditor fiscal de carreira. &#8220;A\u00a0gente sempre desconfia de auditor, tem receio e tal. Se eles dizem que est\u00e1 tudo bem, a\u00ed que\u00a0a gente se preocupa. Mas o Andr\u00e9 j\u00e1 se mostrou uma pessoa aberta, sens\u00edvel\u00a0a entender as dores das micro e pequenas empresas\u201d, brincou. Clemente achou engra\u00e7ado.<\/span><\/div>\n<div>\n<p>&nbsp;<\/p>\n<\/div>\n<div><img loading=\"lazy\" decoding=\"async\" class=\"aligncenter size-medium wp-image-5783\" src=\"https:\/\/blogs.correiobraziliense.com.br\/capital-sa\/wp-content\/uploads\/sites\/59\/2021\/11\/77F19BAF-1C46-452C-8FF7-2F175B236B31-300x264.jpeg\" alt=\"\" width=\"300\" height=\"264\" srcset=\"https:\/\/blogs.correiobraziliense.com.br\/capital-sa\/wp-content\/uploads\/sites\/59\/2021\/11\/77F19BAF-1C46-452C-8FF7-2F175B236B31-300x264.jpeg 300w, https:\/\/blogs.correiobraziliense.com.br\/capital-sa\/wp-content\/uploads\/sites\/59\/2021\/11\/77F19BAF-1C46-452C-8FF7-2F175B236B31-550x484.jpeg 550w, https:\/\/blogs.correiobraziliense.com.br\/capital-sa\/wp-content\/uploads\/sites\/59\/2021\/11\/77F19BAF-1C46-452C-8FF7-2F175B236B31-230x202.jpeg 230w, https:\/\/blogs.correiobraziliense.com.br\/capital-sa\/wp-content\/uploads\/sites\/59\/2021\/11\/77F19BAF-1C46-452C-8FF7-2F175B236B31.jpeg 621w\" sizes=\"auto, (max-width: 300px) 100vw, 300px\" \/><\/div>\n<div><span style=\"font-size: large\">\u00a0<\/span><\/div>\n<div><span style=\"font-size: large\">\u00a0<b>Ser\u00e1 ou n\u00e3o?<\/b><\/span><\/div>\n<div><\/div>\n<div><span style=\"font-size: large\">Mais\u00a0sorridente ainda ficou com a gra\u00e7a de outro participante.\u00a0O secret\u00e1rio foi alvo de mais um\u00a0momento de descontra\u00e7\u00e3o no evento quando o vice-presidente da Fibra, Pedro Verano, o chamou sem querer de Prudente. Ao se corrigir, disparou: \u00b4\u00b4Mas quem sabe n\u00e9, Andr\u00e9?\u00a0 Vc, deputado. Ter\u00e1 meu voto\u00b4\u00b4.\u00a0\u00a0Clemente n\u00e3o confirmou nem desmentiu.\u00a0<\/span><\/div>\n<div><\/div>\n<div>\n<div><b>Bem na fita\u00a0<\/b><\/div>\n<div><\/div>\n<div>O governador Ibaneis Rocha foi citado v\u00e1rias vezes no debate e por todos os participantes. Sempre de forma elogiosa. Chamou a aten\u00e7\u00e3o a defesa que Rafael Prudente fez da atual gest\u00e3o do GDF. Por alguns minutos, o deputado pareceu dar vaz\u00e3o \u00e0<span style=\"font-size: large\">\u00a0sua outra ocupa\u00e7\u00e3o: a de presidente\u00a0regional do MDB.\u00a0<\/span><span style=\"font-size: large\">A legenda local est\u00e1 empenhada em ter Ibaneis como candidato \u00e0 reelei\u00e7\u00e3o.\u00a0<\/span><\/div>\n<\/div>\n<div><span style=\"font-size: large\">\u00a0<\/span><\/div>\n<div><\/div>\n<div><span style=\"font-size: large\">\u00a0<\/span><\/div>\n<div><\/div>\n","protected":false},"excerpt":{"rendered":"<p>Por Samanta Sallum\u00a0\u00a0 A areia da ampulheta escorre r\u00e1pido. Se a capital federal n\u00e3o mudar a estrutura da pir\u00e2mide que sustenta a economia local, n\u00e3o conseguir\u00e1 mais sustentar- se. As proje\u00e7\u00f5es das contas p\u00fablicas apontam que o atual formato, em que o Estado \u00e9 o maior provedor, est\u00e1 com os dias contados. A data limite \u00e9 2030. Por ano, o [&hellip;]<\/p>\n","protected":false},"author":125,"featured_media":5781,"comment_status":"open","ping_status":"open","sticky":false,"template":"","format":"standard","meta":{"footnotes":""},"categories":[6],"tags":[449,599,598],"class_list":["post-5776","post","type-post","status-publish","format-standard","has-post-thumbnail","hentry","category-coluna-capital-s-a","tag-449","tag-correiotalks-gdf","tag-debate"],"_links":{"self":[{"href":"https:\/\/blogs.correiobraziliense.com.br\/capital-sa\/wp-json\/wp\/v2\/posts\/5776","targetHints":{"allow":["GET"]}}],"collection":[{"href":"https:\/\/blogs.correiobraziliense.com.br\/capital-sa\/wp-json\/wp\/v2\/posts"}],"about":[{"href":"https:\/\/blogs.correiobraziliense.com.br\/capital-sa\/wp-json\/wp\/v2\/types\/post"}],"author":[{"embeddable":true,"href":"https:\/\/blogs.correiobraziliense.com.br\/capital-sa\/wp-json\/wp\/v2\/users\/125"}],"replies":[{"embeddable":true,"href":"https:\/\/blogs.correiobraziliense.com.br\/capital-sa\/wp-json\/wp\/v2\/comments?post=5776"}],"version-history":[{"count":12,"href":"https:\/\/blogs.correiobraziliense.com.br\/capital-sa\/wp-json\/wp\/v2\/posts\/5776\/revisions"}],"predecessor-version":[{"id":5819,"href":"https:\/\/blogs.correiobraziliense.com.br\/capital-sa\/wp-json\/wp\/v2\/posts\/5776\/revisions\/5819"}],"wp:featuredmedia":[{"embeddable":true,"href":"https:\/\/blogs.correiobraziliense.com.br\/capital-sa\/wp-json\/wp\/v2\/media\/5781"}],"wp:attachment":[{"href":"https:\/\/blogs.correiobraziliense.com.br\/capital-sa\/wp-json\/wp\/v2\/media?parent=5776"}],"wp:term":[{"taxonomy":"category","embeddable":true,"href":"https:\/\/blogs.correiobraziliense.com.br\/capital-sa\/wp-json\/wp\/v2\/categories?post=5776"},{"taxonomy":"post_tag","embeddable":true,"href":"https:\/\/blogs.correiobraziliense.com.br\/capital-sa\/wp-json\/wp\/v2\/tags?post=5776"}],"curies":[{"name":"wp","href":"https:\/\/api.w.org\/{rel}","templated":true}]}}