{"id":5762,"date":"2021-11-08T15:28:49","date_gmt":"2021-11-08T18:28:49","guid":{"rendered":"https:\/\/blogs.correiobraziliense.com.br\/capital-sa\/?p=5762"},"modified":"2021-11-08T17:44:28","modified_gmt":"2021-11-08T20:44:28","slug":"correio-talks-evento-debate-futuro-economico-do-df","status":"publish","type":"post","link":"https:\/\/blogs.correiobraziliense.com.br\/capital-sa\/2021\/11\/08\/correio-talks-evento-debate-futuro-economico-do-df\/","title":{"rendered":"Correio Talks: evento debate futuro econ\u00f4mico do DF"},"content":{"rendered":"<p>Por Samanta Sallum<\/p>\n<p class=\"p1\">Como gerar empregos, manter uma arrecada\u00e7\u00e3o de impostos que garanta os servi\u00e7os essenciais \u00e0 popula\u00e7\u00e3o, oferecer meios para a expans\u00e3o do setor produtivo no DF? S\u00e3o quest\u00f5es latentes \u00e0 capital da Rep\u00fablica, que se v\u00ea diante de um grande desafio: fortalecer a economia local para acompanhar o ritmo de crescimento populacional com empregabilidade e atra\u00e7\u00e3o de investimentos.<\/p>\n<p class=\"p1\"><span class=\"s1\">Esses temas estar\u00e3o no centro de debate do pr\u00f3ximo Correio Talks, na quarta-feira, das 15h \u00e0s 17h, que ser\u00e1 transmitido ao vivo pelo site e pelas redes sociais do <strong>Correio Braziliense<\/strong>. Entre os convidados, representantes do Legislativo local, do GDF e do setor produtivo.<\/span><\/p>\n<p class=\"p1\"><span class=\"s1\">O evento, mediado pela jornalista Samanta Sallum, ser\u00e1 dividido em dois pain\u00e9is. O primeiro, Planejamento Territorial e Atividades Econ\u00f4micas, come\u00e7a \u00e0s 15h. Participam do tema o presidente da C\u00e2mara Legislativa do DF, Rafael Prudente; o secret\u00e1rio de Desenvolvimento Urbano e Habitacional, Mateus Oliveira;\u00a0<\/span>o presidente do Sistema Fecom\u00e9rcio-DF, Jos\u00e9 Aparecido Freire, e o presidente do Sindicato da Ind\u00fastria da Constru\u00e7\u00e3o Civil (Sinduscon), Dionyzio Klavdianos.<\/p>\n<p class=\"p1\"><span class=\"s1\">O segundo painel, O futuro econ\u00f4mico do DF por meio do fomento ao setor privado, ser\u00e1 das 16h \u00e0s 17h, com as presen\u00e7as do secret\u00e1rio de Economia do DF, Andr\u00e9 Clemente; do vice-presidente da Federa\u00e7\u00e3o das Ind\u00fastrias (Fibra\/DF) ; Pedro Verano; do superintendente do Sebrae DF, Valdir Oliveira, e do presidente da Ademi, Eduardo Aroeira.<\/span><\/p>\n<p class=\"p1\"><span class=\"s1\">Ao final de cada painel, haver\u00e1 espa\u00e7o para um debate e o p\u00fablico poder\u00e1 enviar perguntas. O evento \u00e9 desdobramento da cobertura di\u00e1ria da coluna Capital S\/A, um espa\u00e7o criado h\u00e1 1 ano pelo <strong>Correio Braziliense<\/strong> para retratar o universo do empreendedorismo e do setor produtivo com o DNA de Bras\u00edlia.<\/span><\/p>\n<p class=\"p1\"><span class=\"s1\"><b>Planejamento territorial <\/b><\/span><\/p>\n<p class=\"p1\"><span class=\"s1\">O Correio Talks vai abordar de que maneira o planejamento territorial e a legisla\u00e7\u00e3o urban\u00edstica impactam as atividades comerciais, industriais e de presta\u00e7\u00e3o de servi\u00e7os. Esses ser\u00e3o pontos importantes do evento, que ajudar\u00e1 a pensar os rumos do DF para o bem de todos os brasilienses.<\/span><\/p>\n<p class=\"p1\"><span class=\"s1\"><b>PIB<\/b><\/span><\/p>\n<p class=\"p1\"><span class=\"s1\">O Distrito Federal est\u00e1 na oitava posi\u00e7\u00e3o entre as maiores economias estaduais do Brasil, segundo resultado do Produto Interno Bruto (PIB). \u00c9 ultrapassada e distorcida a imagem de uma capital inerte do ponto de vista econ\u00f4mico. <\/span><\/p>\n<p class=\"p1\"><span class=\"s1\">A cidade se consolida como mercado estrat\u00e9gico e promissor. Ao longo de 60 anos, desde a inaugura\u00e7\u00e3o, o potencial de oportunidades se multiplicou.\u00a0<\/span>Mas o desafio continua: superar, ousar, prosperar, mesmo diante da grave crise provocada pela pandemia. \u00c9 preciso incentivar o desenvolvimento econ\u00f4mico sustent\u00e1vel do DF. Construir\u00a0caminhos e solu\u00e7\u00f5es.<\/p>\n","protected":false},"excerpt":{"rendered":"<p>Por Samanta Sallum Como gerar empregos, manter uma arrecada\u00e7\u00e3o de impostos que garanta os servi\u00e7os essenciais \u00e0 popula\u00e7\u00e3o, oferecer meios para a expans\u00e3o do setor produtivo no DF? S\u00e3o quest\u00f5es latentes \u00e0 capital da Rep\u00fablica, que se v\u00ea diante de um grande desafio: fortalecer a economia local para acompanhar o ritmo de crescimento populacional com empregabilidade e atra\u00e7\u00e3o de investimentos. [&hellip;]<\/p>\n","protected":false},"author":125,"featured_media":5765,"comment_status":"open","ping_status":"open","sticky":false,"template":"","format":"standard","meta":{"footnotes":""},"categories":[6],"tags":[597,595,598,332,158,596],"class_list":["post-5762","post","type-post","status-publish","format-standard","has-post-thumbnail","hentry","category-coluna-capital-s-a","tag-arrecadacao","tag-correiotalks","tag-debate","tag-df","tag-empregos","tag-painel"],"_links":{"self":[{"href":"https:\/\/blogs.correiobraziliense.com.br\/capital-sa\/wp-json\/wp\/v2\/posts\/5762","targetHints":{"allow":["GET"]}}],"collection":[{"href":"https:\/\/blogs.correiobraziliense.com.br\/capital-sa\/wp-json\/wp\/v2\/posts"}],"about":[{"href":"https:\/\/blogs.correiobraziliense.com.br\/capital-sa\/wp-json\/wp\/v2\/types\/post"}],"author":[{"embeddable":true,"href":"https:\/\/blogs.correiobraziliense.com.br\/capital-sa\/wp-json\/wp\/v2\/users\/125"}],"replies":[{"embeddable":true,"href":"https:\/\/blogs.correiobraziliense.com.br\/capital-sa\/wp-json\/wp\/v2\/comments?post=5762"}],"version-history":[{"count":4,"href":"https:\/\/blogs.correiobraziliense.com.br\/capital-sa\/wp-json\/wp\/v2\/posts\/5762\/revisions"}],"predecessor-version":[{"id":5767,"href":"https:\/\/blogs.correiobraziliense.com.br\/capital-sa\/wp-json\/wp\/v2\/posts\/5762\/revisions\/5767"}],"wp:featuredmedia":[{"embeddable":true,"href":"https:\/\/blogs.correiobraziliense.com.br\/capital-sa\/wp-json\/wp\/v2\/media\/5765"}],"wp:attachment":[{"href":"https:\/\/blogs.correiobraziliense.com.br\/capital-sa\/wp-json\/wp\/v2\/media?parent=5762"}],"wp:term":[{"taxonomy":"category","embeddable":true,"href":"https:\/\/blogs.correiobraziliense.com.br\/capital-sa\/wp-json\/wp\/v2\/categories?post=5762"},{"taxonomy":"post_tag","embeddable":true,"href":"https:\/\/blogs.correiobraziliense.com.br\/capital-sa\/wp-json\/wp\/v2\/tags?post=5762"}],"curies":[{"name":"wp","href":"https:\/\/api.w.org\/{rel}","templated":true}]}}