{"id":572,"date":"2020-11-12T08:05:37","date_gmt":"2020-11-12T11:05:37","guid":{"rendered":"https:\/\/blogs.correiobraziliense.com.br\/capital-sa\/?p=572"},"modified":"2020-11-11T21:51:18","modified_gmt":"2020-11-12T00:51:18","slug":"sabin-lanca-hub-de-empreendedorismo","status":"publish","type":"post","link":"https:\/\/blogs.correiobraziliense.com.br\/capital-sa\/2020\/11\/12\/sabin-lanca-hub-de-empreendedorismo\/","title":{"rendered":"Sabin lan\u00e7a hub de empreendedorismo"},"content":{"rendered":"<p>O Skyhub.bio. vai conectar startups, universidades, empresas e investidores para fomentar o desenvolvimento do empreendedorismo no Brasil. Os pilares: fortalecimento do ecossistema de inova\u00e7\u00e3o de sa\u00fade, est\u00edmulo \u00e0 criatividade e disrup\u00e7\u00e3o, acelerar a transforma\u00e7\u00e3o digital do setor de sa\u00fade.<\/p>\n<p><strong>Em Bras\u00edlia<\/strong><\/p>\n<p>A sede do programa, lan\u00e7ado hoje, \u00e9 na capital federal. Al\u00e9m do acesso \u00e0 expertise em sa\u00fade dos profissionais do Sabin, as startups poder\u00e3o interagir com pesquisadores, fornecedores e outros empreendedores.<\/p>\n<p><strong>Oportunidades<\/strong><\/p>\n<p>Tamb\u00e9m ter\u00e3o a chance de se tornarem fornecedores do grupo e conhecerem de perto o modelo de gest\u00e3o e os projetos em desenvolvimento da empresa. A marca Sabin nasceu no DF, h\u00e1 36 anos.<\/p>\n<p>&nbsp;<\/p>\n<blockquote><p>296<\/p>\n<p>unidades<\/p>\n<p>do Sabin no Brasil<\/p><\/blockquote>\n<p>&nbsp;<\/p>\n<p><strong>Alta performance<\/strong><\/p>\n<p><img loading=\"lazy\" decoding=\"async\" class=\"aligncenter size-medium wp-image-573\" src=\"https:\/\/blogs.correiobraziliense.com.br\/capital-sa\/wp-content\/uploads\/sites\/59\/2020\/11\/216d8d0f-813c-46fa-8b90-fc9fc363bf52-300x200.jpg\" alt=\"\" width=\"300\" height=\"200\" srcset=\"https:\/\/blogs.correiobraziliense.com.br\/capital-sa\/wp-content\/uploads\/sites\/59\/2020\/11\/216d8d0f-813c-46fa-8b90-fc9fc363bf52-300x200.jpg 300w, https:\/\/blogs.correiobraziliense.com.br\/capital-sa\/wp-content\/uploads\/sites\/59\/2020\/11\/216d8d0f-813c-46fa-8b90-fc9fc363bf52-768x512.jpg 768w, https:\/\/blogs.correiobraziliense.com.br\/capital-sa\/wp-content\/uploads\/sites\/59\/2020\/11\/216d8d0f-813c-46fa-8b90-fc9fc363bf52-1024x682.jpg 1024w, https:\/\/blogs.correiobraziliense.com.br\/capital-sa\/wp-content\/uploads\/sites\/59\/2020\/11\/216d8d0f-813c-46fa-8b90-fc9fc363bf52-800x533.jpg 800w, https:\/\/blogs.correiobraziliense.com.br\/capital-sa\/wp-content\/uploads\/sites\/59\/2020\/11\/216d8d0f-813c-46fa-8b90-fc9fc363bf52-550x367.jpg 550w, https:\/\/blogs.correiobraziliense.com.br\/capital-sa\/wp-content\/uploads\/sites\/59\/2020\/11\/216d8d0f-813c-46fa-8b90-fc9fc363bf52-230x153.jpg 230w, https:\/\/blogs.correiobraziliense.com.br\/capital-sa\/wp-content\/uploads\/sites\/59\/2020\/11\/216d8d0f-813c-46fa-8b90-fc9fc363bf52.jpg 1280w\" sizes=\"auto, (max-width: 300px) 100vw, 300px\" \/><\/p>\n<blockquote><p>\u201cO Grupo Sabin \u00e9 refer\u00eancia pela cultura empreendedora de alta performance. Este \u00e9 mais um passo importante. Uma oportunidade singular para que estes novos empreendedores possam conferir de perto a nossa cultura organizacional e conhecer as especificidades e necessidades da cadeia produtiva da sa\u00fade\u201d, destaca a presidente executiva do Grupo Sabin, <strong>L\u00eddia Abdalla<\/strong>.<\/p><\/blockquote>\n<p>Saiba mais sabin.com.br\/skyhub<\/p>\n<p>&nbsp;<\/p>\n","protected":false},"excerpt":{"rendered":"<p>O Skyhub.bio. vai conectar startups, universidades, empresas e investidores para fomentar o desenvolvimento do empreendedorismo no Brasil. Os pilares: fortalecimento do ecossistema de inova\u00e7\u00e3o de sa\u00fade, est\u00edmulo \u00e0 criatividade e disrup\u00e7\u00e3o, acelerar a transforma\u00e7\u00e3o digital do setor de sa\u00fade. Em Bras\u00edlia A sede do programa, lan\u00e7ado hoje, \u00e9 na capital federal. Al\u00e9m do acesso \u00e0 expertise em sa\u00fade dos profissionais [&hellip;]<\/p>\n","protected":false},"author":125,"featured_media":574,"comment_status":"open","ping_status":"open","sticky":false,"template":"","format":"standard","meta":{"footnotes":""},"categories":[6],"tags":[],"class_list":["post-572","post","type-post","status-publish","format-standard","has-post-thumbnail","hentry","category-coluna-capital-s-a"],"_links":{"self":[{"href":"https:\/\/blogs.correiobraziliense.com.br\/capital-sa\/wp-json\/wp\/v2\/posts\/572","targetHints":{"allow":["GET"]}}],"collection":[{"href":"https:\/\/blogs.correiobraziliense.com.br\/capital-sa\/wp-json\/wp\/v2\/posts"}],"about":[{"href":"https:\/\/blogs.correiobraziliense.com.br\/capital-sa\/wp-json\/wp\/v2\/types\/post"}],"author":[{"embeddable":true,"href":"https:\/\/blogs.correiobraziliense.com.br\/capital-sa\/wp-json\/wp\/v2\/users\/125"}],"replies":[{"embeddable":true,"href":"https:\/\/blogs.correiobraziliense.com.br\/capital-sa\/wp-json\/wp\/v2\/comments?post=572"}],"version-history":[{"count":2,"href":"https:\/\/blogs.correiobraziliense.com.br\/capital-sa\/wp-json\/wp\/v2\/posts\/572\/revisions"}],"predecessor-version":[{"id":576,"href":"https:\/\/blogs.correiobraziliense.com.br\/capital-sa\/wp-json\/wp\/v2\/posts\/572\/revisions\/576"}],"wp:featuredmedia":[{"embeddable":true,"href":"https:\/\/blogs.correiobraziliense.com.br\/capital-sa\/wp-json\/wp\/v2\/media\/574"}],"wp:attachment":[{"href":"https:\/\/blogs.correiobraziliense.com.br\/capital-sa\/wp-json\/wp\/v2\/media?parent=572"}],"wp:term":[{"taxonomy":"category","embeddable":true,"href":"https:\/\/blogs.correiobraziliense.com.br\/capital-sa\/wp-json\/wp\/v2\/categories?post=572"},{"taxonomy":"post_tag","embeddable":true,"href":"https:\/\/blogs.correiobraziliense.com.br\/capital-sa\/wp-json\/wp\/v2\/tags?post=572"}],"curies":[{"name":"wp","href":"https:\/\/api.w.org\/{rel}","templated":true}]}}