{"id":5679,"date":"2021-10-27T10:28:46","date_gmt":"2021-10-27T13:28:46","guid":{"rendered":"https:\/\/blogs.correiobraziliense.com.br\/capital-sa\/?p=5679"},"modified":"2021-10-27T10:28:46","modified_gmt":"2021-10-27T13:28:46","slug":"sem-revisao-da-luos-setor-produtivo-alerta-para-inseguranca-juridica-no-df","status":"publish","type":"post","link":"https:\/\/blogs.correiobraziliense.com.br\/capital-sa\/2021\/10\/27\/sem-revisao-da-luos-setor-produtivo-alerta-para-inseguranca-juridica-no-df\/","title":{"rendered":"Sem revis\u00e3o da Luos,  setor produtivo alerta para  inseguran\u00e7a jur\u00eddica no DF"},"content":{"rendered":"<p><b>Por Samanta Sallum\u00a0<\/b><\/p>\n<p>Entidades representativas da constru\u00e7\u00e3o civil no DF enviaram ao presidente da C\u00e2mara Legislativa, Rafael Prudente (MDB), of\u00edcio pedindo a aprova\u00e7\u00e3o da Lei de Uso e Ocupa\u00e7\u00e3o do Solo ainda em 2021.<\/p>\n<p>O PL 069\/2020, que faz uma revis\u00e3o o texto aprovado em 2018, foi enviado pelo GDF h\u00e1 11 meses. Segundo entidades, j\u00e1 houve tempo h\u00e1bil para aprecia\u00e7\u00e3o da mat\u00e9ria pelos parlamentares.<\/p>\n<p>O projeto chegou a ser aprovado nas Comiss\u00f5es de Meio Ambiente e de Assuntos Fundi\u00e1rios (CAF). Mas Prudente sinalizou que a vota\u00e7\u00e3o em plen\u00e1rio n\u00e3o deve ocorrer este ano e que vai sugerir ao GDF a devolu\u00e7\u00e3o da proposta ao Executivo para aperfei\u00e7oamentos.<\/p>\n<blockquote><p>\u201cO atraso deste projeto significa maior inseguran\u00e7a jur\u00eddica, menos investimentos por parte do empreendedor, redu\u00e7\u00e3o no n\u00famero de empregos a gerar e menor crescimento da economia\u201d, frisa o documento assinado por Dionyzio Klavdianos, presidente do Sinduscon,e por Eduardo Aroeira, presidente da Ademi DF.<\/p><\/blockquote>\n<p>Outras entidades como Fecom\u00e9rcio e Sindhobar no DF tamb\u00e9m refor\u00e7am a necessidade da vota\u00e7\u00e3o da Luos.<\/p>\n<p><strong>Projeto habitacional do J\u00f3quei Clube<\/strong><\/p>\n<p>Um dos projetos que est\u00e3o travados sem a aprova\u00e7\u00e3o da Luos \u00e9 o do novo setor habitacional J\u00f3quei Clube,em frente a Vicente Pires. Est\u00e1 pronto na Terracap, mas \u00e9 preciso definir na C\u00e2mara Legislativa o n\u00famero permitido de pavimentos dos edif\u00edcios residenciais, que poder\u00e3o chegar a 16.<\/p>\n<p><strong>Aprovar o que for poss\u00edvel<\/strong><\/p>\n<p>\u201cO texto pode n\u00e3o ser o ideal, mas \u00e9 preciso ser apreciado. Defendemos que o que for pol\u00eamico seja destacado e mais bem debatido depois. No entanto, uma parte n\u00e3o pode prejudicar o todo. O projeto resolve uma s\u00e9rie de pend\u00eancias sobre o exerc\u00edcio de atividades econ\u00f4micas no DF e corrige erros que est\u00e3o em vigor com a atual vers\u00e3o do Luos. Distor\u00e7\u00f5es entre a realidade e a lei que inviabilizam empreendimentos\u201d, explicou Eduardo Aroeira.<\/p>\n<p>&nbsp;<\/p>\n","protected":false},"excerpt":{"rendered":"<p>Por Samanta Sallum\u00a0 Entidades representativas da constru\u00e7\u00e3o civil no DF enviaram ao presidente da C\u00e2mara Legislativa, Rafael Prudente (MDB), of\u00edcio pedindo a aprova\u00e7\u00e3o da Lei de Uso e Ocupa\u00e7\u00e3o do Solo ainda em 2021. O PL 069\/2020, que faz uma revis\u00e3o o texto aprovado em 2018, foi enviado pelo GDF h\u00e1 11 meses. Segundo entidades, j\u00e1 houve tempo h\u00e1bil para [&hellip;]<\/p>\n","protected":false},"author":125,"featured_media":5684,"comment_status":"open","ping_status":"open","sticky":false,"template":"","format":"standard","meta":{"footnotes":""},"categories":[6],"tags":[],"class_list":["post-5679","post","type-post","status-publish","format-standard","has-post-thumbnail","hentry","category-coluna-capital-s-a"],"_links":{"self":[{"href":"https:\/\/blogs.correiobraziliense.com.br\/capital-sa\/wp-json\/wp\/v2\/posts\/5679","targetHints":{"allow":["GET"]}}],"collection":[{"href":"https:\/\/blogs.correiobraziliense.com.br\/capital-sa\/wp-json\/wp\/v2\/posts"}],"about":[{"href":"https:\/\/blogs.correiobraziliense.com.br\/capital-sa\/wp-json\/wp\/v2\/types\/post"}],"author":[{"embeddable":true,"href":"https:\/\/blogs.correiobraziliense.com.br\/capital-sa\/wp-json\/wp\/v2\/users\/125"}],"replies":[{"embeddable":true,"href":"https:\/\/blogs.correiobraziliense.com.br\/capital-sa\/wp-json\/wp\/v2\/comments?post=5679"}],"version-history":[{"count":4,"href":"https:\/\/blogs.correiobraziliense.com.br\/capital-sa\/wp-json\/wp\/v2\/posts\/5679\/revisions"}],"predecessor-version":[{"id":5683,"href":"https:\/\/blogs.correiobraziliense.com.br\/capital-sa\/wp-json\/wp\/v2\/posts\/5679\/revisions\/5683"}],"wp:featuredmedia":[{"embeddable":true,"href":"https:\/\/blogs.correiobraziliense.com.br\/capital-sa\/wp-json\/wp\/v2\/media\/5684"}],"wp:attachment":[{"href":"https:\/\/blogs.correiobraziliense.com.br\/capital-sa\/wp-json\/wp\/v2\/media?parent=5679"}],"wp:term":[{"taxonomy":"category","embeddable":true,"href":"https:\/\/blogs.correiobraziliense.com.br\/capital-sa\/wp-json\/wp\/v2\/categories?post=5679"},{"taxonomy":"post_tag","embeddable":true,"href":"https:\/\/blogs.correiobraziliense.com.br\/capital-sa\/wp-json\/wp\/v2\/tags?post=5679"}],"curies":[{"name":"wp","href":"https:\/\/api.w.org\/{rel}","templated":true}]}}