{"id":5673,"date":"2021-10-26T15:09:16","date_gmt":"2021-10-26T18:09:16","guid":{"rendered":"https:\/\/blogs.correiobraziliense.com.br\/capital-sa\/?p=5673"},"modified":"2021-10-26T15:10:49","modified_gmt":"2021-10-26T18:10:49","slug":"comercio-no-df-autorizado-a-funcionar-no-feriado","status":"publish","type":"post","link":"https:\/\/blogs.correiobraziliense.com.br\/capital-sa\/2021\/10\/26\/comercio-no-df-autorizado-a-funcionar-no-feriado\/","title":{"rendered":"Com\u00e9rcio no DF est\u00e1 autorizado a funcionar no feriado"},"content":{"rendered":"<p><strong>Por Samanta Sallum<br \/>\n<\/strong><br \/>\nTodo o com\u00e9rcio varejista de rua e de shoppings est\u00e1 autorizado a funcionar nos dois feriados de novembro &#8211; dias 2 (ter\u00e7a-feira) e 15 (segunda-feira). \u00c9 o que prev\u00ea a Conven\u00e7\u00e3o Coletiva assinada entre o Sindicato do Com\u00e9rcio Varejista e o Sindicato dos Empregados do Com\u00e9rcio.<\/p>\n<p><strong>Recuperar preju\u00edzos<br \/>\ndo lockdown<br \/>\n<\/strong><br \/>\n\u201cFaltando pouco mais de 60 dias para 2021 acabar, o com\u00e9rcio precisa vender mais e criar empregos. Estimamos aumento de at\u00e9 14% nas vendas para o Natal\u201d, diz o presidente do Sindivarejista, Edson de Castro. A previs\u00e3o \u00e9 que todas as lojas de shoppings funcionem e que cerca de 50% do com\u00e9rcio de rua abram nos feriados.<\/p>\n<p>&nbsp;<\/p>\n","protected":false},"excerpt":{"rendered":"<p>Por Samanta Sallum Todo o com\u00e9rcio varejista de rua e de shoppings est\u00e1 autorizado a funcionar nos dois feriados de novembro &#8211; dias 2 (ter\u00e7a-feira) e 15 (segunda-feira). \u00c9 o que prev\u00ea a Conven\u00e7\u00e3o Coletiva assinada entre o Sindicato do Com\u00e9rcio Varejista e o Sindicato dos Empregados do Com\u00e9rcio. Recuperar preju\u00edzos do lockdown \u201cFaltando pouco mais de 60 dias para [&hellip;]<\/p>\n","protected":false},"author":125,"featured_media":5676,"comment_status":"open","ping_status":"open","sticky":false,"template":"","format":"standard","meta":{"footnotes":""},"categories":[6],"tags":[],"class_list":["post-5673","post","type-post","status-publish","format-standard","has-post-thumbnail","hentry","category-coluna-capital-s-a"],"_links":{"self":[{"href":"https:\/\/blogs.correiobraziliense.com.br\/capital-sa\/wp-json\/wp\/v2\/posts\/5673","targetHints":{"allow":["GET"]}}],"collection":[{"href":"https:\/\/blogs.correiobraziliense.com.br\/capital-sa\/wp-json\/wp\/v2\/posts"}],"about":[{"href":"https:\/\/blogs.correiobraziliense.com.br\/capital-sa\/wp-json\/wp\/v2\/types\/post"}],"author":[{"embeddable":true,"href":"https:\/\/blogs.correiobraziliense.com.br\/capital-sa\/wp-json\/wp\/v2\/users\/125"}],"replies":[{"embeddable":true,"href":"https:\/\/blogs.correiobraziliense.com.br\/capital-sa\/wp-json\/wp\/v2\/comments?post=5673"}],"version-history":[{"count":4,"href":"https:\/\/blogs.correiobraziliense.com.br\/capital-sa\/wp-json\/wp\/v2\/posts\/5673\/revisions"}],"predecessor-version":[{"id":5678,"href":"https:\/\/blogs.correiobraziliense.com.br\/capital-sa\/wp-json\/wp\/v2\/posts\/5673\/revisions\/5678"}],"wp:featuredmedia":[{"embeddable":true,"href":"https:\/\/blogs.correiobraziliense.com.br\/capital-sa\/wp-json\/wp\/v2\/media\/5676"}],"wp:attachment":[{"href":"https:\/\/blogs.correiobraziliense.com.br\/capital-sa\/wp-json\/wp\/v2\/media?parent=5673"}],"wp:term":[{"taxonomy":"category","embeddable":true,"href":"https:\/\/blogs.correiobraziliense.com.br\/capital-sa\/wp-json\/wp\/v2\/categories?post=5673"},{"taxonomy":"post_tag","embeddable":true,"href":"https:\/\/blogs.correiobraziliense.com.br\/capital-sa\/wp-json\/wp\/v2\/tags?post=5673"}],"curies":[{"name":"wp","href":"https:\/\/api.w.org\/{rel}","templated":true}]}}