{"id":567,"date":"2020-11-12T08:00:49","date_gmt":"2020-11-12T11:00:49","guid":{"rendered":"https:\/\/blogs.correiobraziliense.com.br\/capital-sa\/?p=567"},"modified":"2020-11-12T09:22:11","modified_gmt":"2020-11-12T12:22:11","slug":"garrafa-a-favor-do-meio-ambiente","status":"publish","type":"post","link":"https:\/\/blogs.correiobraziliense.com.br\/capital-sa\/2020\/11\/12\/garrafa-a-favor-do-meio-ambiente\/","title":{"rendered":"A favor do meio ambiente"},"content":{"rendered":"<p>A Coca-Cola Brasil lan\u00e7ou a primeira garrafa de \u00e1gua mineral feita 100% com PET reciclado do mercado brasileiro. Para produzir as novas embalagens, a marca Crystal deixar\u00e1 de utilizar 14 mil toneladas de pl\u00e1stico virgem, que seriam consumidas na produ\u00e7\u00e3o de 700 milh\u00f5es de embalagens do produto at\u00e9 o fim de 2021.<\/p>\n<p>No DF, a garrafa come\u00e7a a ser usada no ano que vem, pela empresa Brasal, respons\u00e1vel pela opera\u00e7\u00e3o na regi\u00e3o.<\/p>\n<p>&nbsp;<\/p>\n<p><strong>Mudan\u00e7a r\u00e1pida<\/strong><\/p>\n<p>A Coca-Cola Femsa, engarrafador respons\u00e1vel por 50% do territ\u00f3rio nacional, iniciou a migra\u00e7\u00e3o para a nova embalagem na primeira quinzena de outubro.<\/p>\n<p>A mudan\u00e7a nos demais fabricantes do Sistema Coca-Cola Brasil ocorre em 2021.<\/p>\n<p>&nbsp;<\/p>\n<p><strong>Compromisso com menos res\u00edduos poluentes<\/strong><\/p>\n<p>&nbsp;<\/p>\n<p><img loading=\"lazy\" decoding=\"async\" class=\"aligncenter size-medium wp-image-569\" src=\"https:\/\/blogs.correiobraziliense.com.br\/capital-sa\/wp-content\/uploads\/sites\/59\/2020\/11\/8f6e2f19-ec88-40ff-8564-709be2bc9dee-300x274.jpg\" alt=\"\" width=\"300\" height=\"274\" srcset=\"https:\/\/blogs.correiobraziliense.com.br\/capital-sa\/wp-content\/uploads\/sites\/59\/2020\/11\/8f6e2f19-ec88-40ff-8564-709be2bc9dee-300x274.jpg 300w, https:\/\/blogs.correiobraziliense.com.br\/capital-sa\/wp-content\/uploads\/sites\/59\/2020\/11\/8f6e2f19-ec88-40ff-8564-709be2bc9dee-230x210.jpg 230w, https:\/\/blogs.correiobraziliense.com.br\/capital-sa\/wp-content\/uploads\/sites\/59\/2020\/11\/8f6e2f19-ec88-40ff-8564-709be2bc9dee.jpg 490w\" sizes=\"auto, (max-width: 300px) 100vw, 300px\" \/><\/p>\n<blockquote><p>\u201cMais do que uma outra embalagem, a nova Crystal reflete nosso compromisso em oferecer marcas que os consumidores brasileiros reconhecem e confiam, cada vez mais inovadoras e sustent\u00e1veis. Estamos comprometidos a fazer um mundo sem res\u00edduos, assegurando que at\u00e9 2025 todas as nossas garrafas tenham um descarte adequado\u201d, destaca <strong>Victor Bicca<\/strong>, diretor de Rela\u00e7\u00f5es Governamentais da Coca-Cola Company.<\/p><\/blockquote>\n<p>&nbsp;<\/p>\n","protected":false},"excerpt":{"rendered":"<p>A Coca-Cola Brasil lan\u00e7ou a primeira garrafa de \u00e1gua mineral feita 100% com PET reciclado do mercado brasileiro. Para produzir as novas embalagens, a marca Crystal deixar\u00e1 de utilizar 14 mil toneladas de pl\u00e1stico virgem, que seriam consumidas na produ\u00e7\u00e3o de 700 milh\u00f5es de embalagens do produto at\u00e9 o fim de 2021. No DF, a garrafa come\u00e7a a ser usada [&hellip;]<\/p>\n","protected":false},"author":125,"featured_media":584,"comment_status":"open","ping_status":"open","sticky":false,"template":"","format":"standard","meta":{"footnotes":""},"categories":[6],"tags":[],"class_list":["post-567","post","type-post","status-publish","format-standard","has-post-thumbnail","hentry","category-coluna-capital-s-a"],"_links":{"self":[{"href":"https:\/\/blogs.correiobraziliense.com.br\/capital-sa\/wp-json\/wp\/v2\/posts\/567","targetHints":{"allow":["GET"]}}],"collection":[{"href":"https:\/\/blogs.correiobraziliense.com.br\/capital-sa\/wp-json\/wp\/v2\/posts"}],"about":[{"href":"https:\/\/blogs.correiobraziliense.com.br\/capital-sa\/wp-json\/wp\/v2\/types\/post"}],"author":[{"embeddable":true,"href":"https:\/\/blogs.correiobraziliense.com.br\/capital-sa\/wp-json\/wp\/v2\/users\/125"}],"replies":[{"embeddable":true,"href":"https:\/\/blogs.correiobraziliense.com.br\/capital-sa\/wp-json\/wp\/v2\/comments?post=567"}],"version-history":[{"count":3,"href":"https:\/\/blogs.correiobraziliense.com.br\/capital-sa\/wp-json\/wp\/v2\/posts\/567\/revisions"}],"predecessor-version":[{"id":587,"href":"https:\/\/blogs.correiobraziliense.com.br\/capital-sa\/wp-json\/wp\/v2\/posts\/567\/revisions\/587"}],"wp:featuredmedia":[{"embeddable":true,"href":"https:\/\/blogs.correiobraziliense.com.br\/capital-sa\/wp-json\/wp\/v2\/media\/584"}],"wp:attachment":[{"href":"https:\/\/blogs.correiobraziliense.com.br\/capital-sa\/wp-json\/wp\/v2\/media?parent=567"}],"wp:term":[{"taxonomy":"category","embeddable":true,"href":"https:\/\/blogs.correiobraziliense.com.br\/capital-sa\/wp-json\/wp\/v2\/categories?post=567"},{"taxonomy":"post_tag","embeddable":true,"href":"https:\/\/blogs.correiobraziliense.com.br\/capital-sa\/wp-json\/wp\/v2\/tags?post=567"}],"curies":[{"name":"wp","href":"https:\/\/api.w.org\/{rel}","templated":true}]}}