{"id":5659,"date":"2021-10-26T01:12:33","date_gmt":"2021-10-26T04:12:33","guid":{"rendered":"https:\/\/blogs.correiobraziliense.com.br\/capital-sa\/?p=5659"},"modified":"2021-10-26T01:22:00","modified_gmt":"2021-10-26T04:22:00","slug":"outubro-rosa-mereceu-uma-noite-de-chef","status":"publish","type":"post","link":"https:\/\/blogs.correiobraziliense.com.br\/capital-sa\/2021\/10\/26\/outubro-rosa-mereceu-uma-noite-de-chef\/","title":{"rendered":"Outubro Rosa mereceu \u201cUma noite de chef\u201d"},"content":{"rendered":"<p>Por Samanta Sallum<\/p>\n<p>Renata La Porta encerrou a temporada do projeto \u201cUma noite de chef\u201d com um tempero muito especial: solidariedade. Marcando o m\u00eas Outubro Rosa, realizou um jantar beneficente, na quinta-feira passada, para arrecadar recursos que ajudar\u00e3o em campanhas de preven\u00e7\u00e3o ao c\u00e2ncer de mama.<\/p>\n<p>O card\u00e1pio foi fil\u00e9 de peixe ao roquefort e coulins de hibiscus harmonizado com vinho ros\u00e9 Monsaraz.<\/p>\n<p><strong>Confraterniza\u00e7\u00f5es<br \/>\nde fim de ano<\/strong><\/p>\n<p>A chef de Bras\u00edlia realizou em setembro e outubro eventos em que os participantes tinham a oportunidade de aprender algumas receitas e literalmente colocar a m\u00e3o na massa de forma l\u00fadica e saborosa. Uma noite de chef volta em 2022.<\/p>\n<p>\u201cMas agora teremos a Chef Experience, que \u00e9 a mesma proposta para eventos de empresas ou na casa das pessoas\u201d, conta Renata. Uma receita divertida e gostosa para as confraterniza\u00e7\u00f5es de fim de ano.<\/p>\n<p>&nbsp;<\/p>\n<p>&nbsp;<\/p>\n","protected":false},"excerpt":{"rendered":"<p>Por Samanta Sallum Renata La Porta encerrou a temporada do projeto \u201cUma noite de chef\u201d com um tempero muito especial: solidariedade. Marcando o m\u00eas Outubro Rosa, realizou um jantar beneficente, na quinta-feira passada, para arrecadar recursos que ajudar\u00e3o em campanhas de preven\u00e7\u00e3o ao c\u00e2ncer de mama. O card\u00e1pio foi fil\u00e9 de peixe ao roquefort e coulins de hibiscus harmonizado com [&hellip;]<\/p>\n","protected":false},"author":125,"featured_media":5662,"comment_status":"open","ping_status":"open","sticky":false,"template":"","format":"standard","meta":{"footnotes":""},"categories":[6],"tags":[],"class_list":["post-5659","post","type-post","status-publish","format-standard","has-post-thumbnail","hentry","category-coluna-capital-s-a"],"_links":{"self":[{"href":"https:\/\/blogs.correiobraziliense.com.br\/capital-sa\/wp-json\/wp\/v2\/posts\/5659","targetHints":{"allow":["GET"]}}],"collection":[{"href":"https:\/\/blogs.correiobraziliense.com.br\/capital-sa\/wp-json\/wp\/v2\/posts"}],"about":[{"href":"https:\/\/blogs.correiobraziliense.com.br\/capital-sa\/wp-json\/wp\/v2\/types\/post"}],"author":[{"embeddable":true,"href":"https:\/\/blogs.correiobraziliense.com.br\/capital-sa\/wp-json\/wp\/v2\/users\/125"}],"replies":[{"embeddable":true,"href":"https:\/\/blogs.correiobraziliense.com.br\/capital-sa\/wp-json\/wp\/v2\/comments?post=5659"}],"version-history":[{"count":7,"href":"https:\/\/blogs.correiobraziliense.com.br\/capital-sa\/wp-json\/wp\/v2\/posts\/5659\/revisions"}],"predecessor-version":[{"id":5667,"href":"https:\/\/blogs.correiobraziliense.com.br\/capital-sa\/wp-json\/wp\/v2\/posts\/5659\/revisions\/5667"}],"wp:featuredmedia":[{"embeddable":true,"href":"https:\/\/blogs.correiobraziliense.com.br\/capital-sa\/wp-json\/wp\/v2\/media\/5662"}],"wp:attachment":[{"href":"https:\/\/blogs.correiobraziliense.com.br\/capital-sa\/wp-json\/wp\/v2\/media?parent=5659"}],"wp:term":[{"taxonomy":"category","embeddable":true,"href":"https:\/\/blogs.correiobraziliense.com.br\/capital-sa\/wp-json\/wp\/v2\/categories?post=5659"},{"taxonomy":"post_tag","embeddable":true,"href":"https:\/\/blogs.correiobraziliense.com.br\/capital-sa\/wp-json\/wp\/v2\/tags?post=5659"}],"curies":[{"name":"wp","href":"https:\/\/api.w.org\/{rel}","templated":true}]}}