{"id":5646,"date":"2021-10-25T09:54:03","date_gmt":"2021-10-25T12:54:03","guid":{"rendered":"https:\/\/blogs.correiobraziliense.com.br\/capital-sa\/?p=5646"},"modified":"2021-10-25T10:58:38","modified_gmt":"2021-10-25T13:58:38","slug":"refis-da-pandemia-deve-ser-aprovado-ate-15-de-novembro","status":"publish","type":"post","link":"https:\/\/blogs.correiobraziliense.com.br\/capital-sa\/2021\/10\/25\/refis-da-pandemia-deve-ser-aprovado-ate-15-de-novembro\/","title":{"rendered":"Refis da pandemia deve ser aprovado at\u00e9 15 de novembro"},"content":{"rendered":"<p class=\"p1\">Por Samanta Sallum<\/p>\n<p class=\"p1\"><span class=\"s1\">O vice-presidente da C\u00e2mara Legislativa, deputado Rodrigo Delmasso (Republicanos), afirmou que ser\u00e1 feito um esfor\u00e7o legislativo para aprovar o novo Refis, proposto pelo GDF, at\u00e9 o fim da primeira quinzena de novembro.<br \/>\n<\/span><\/p>\n<p class=\"p1\"><span class=\"s1\">Ele foi autor de of\u00edcio, enviado em julho \u00e0 Secretaria de Economia, apontando a necessidade de ampliar o prazo do benef\u00edcio para os anos de 2019 e 2020.<br \/>\n<\/span><\/p>\n<p class=\"p1\"><span class=\"s1\">\u201cEu chamo de Refis da manuten\u00e7\u00e3o de empregos. S\u00e3o 400 mil hoje sem trabalho no DF. Esse n\u00famero n\u00e3o pode aumentar. Muitas empresas e tamb\u00e9m pessoas f\u00edsicas est\u00e3o\u00a0<\/span>com dificuldades para se manter em decorr\u00eancia da grave crise econ\u00f4mica que se instalou na pandemia\u201d, disse Delmasso \u00e0 coluna.<\/p>\n<p class=\"p1\"><span class=\"s1\"><b>Mobiliza\u00e7\u00e3o do setor produtivo<\/b><\/span><\/p>\n<p class=\"p1\"><span class=\"s1\">Uma s\u00e9rie de entidades empresariais pediram ao GDF oficialmente pela amplia\u00e7\u00e3o do per\u00edodo do Refis. O Sindivarejista, o Sindhobar,\u00a0 com a Fecom\u00e9rcio-DF, se empenharam no pleito.<br \/>\n<\/span><\/p>\n<p class=\"p1\"><span class=\"s1\">\u201c2019 e 2020 foram anos terr\u00edveis para a economia. Houve dois lockdowns, mais de 1.500 empresas fecharam, al\u00e9m de milhares de demiss\u00f5es no com\u00e9rcio. O novo parcelamento ser\u00e1 de grande import\u00e2ncia para o empresariado. As pequenas empresas s\u00e3o as que mais sofrem. Esperamos que o projeto entre logo em vigor\u201d, apontou o presidente do\u00a0<\/span>Sindivarejista, Edson de Castro.<\/p>\n<p class=\"p1\"><span class=\"s1\"><b>Limpar empresas do Serasa<\/b><\/span><\/p>\n<p class=\"p1\"><span class=\"s1\">O com\u00e9rcio ainda pleitea que o GDF revogue a medida que autoriza este a enviar para o cart\u00f3rio de protesto\/Serasa as d\u00edvidas tribut\u00e1rias dos empres\u00e1rios, o\u00a0<\/span>que ocorre hoje, impedindo os comerciantes de buscarem recursos banc\u00e1rios para tentar saldar seus compromissos.<\/p>\n<p>\u201cA situa\u00e7\u00e3o financeira do setor de hot\u00e9is, restaurantes e bares \u00e9 muito delicada. O endividamento \u00e9 muito grande, al\u00e9m dos \u00edndices absurdos de reajuste dos alugu\u00e9is. Ficamos muito agradecidos ao governo do DF, que atendeu ao nosso apelo e de todo o setor produtivo, e vai apresentar o Refis 2019\/2020\u201d, disse o presidente do Sindhobar, Jael Silva.<\/p>\n<p><b>Aprova\u00e7\u00e3o no Confaz<\/b><\/p>\n<p class=\"p1\"><span class=\"s1\">Depois de tantos pedidos e de recalcular as d\u00edvidas e contas p\u00fablicas, o governador Ibaneis Rocha decidiu reabrir o \u00faltimo Refis, cujo prazo de ades\u00e3o havia se encerrado em\u00a0<\/span>abril e s\u00f3 abrangia d\u00edvidas acumuladas at\u00e9 2018. Uma forma de dar um pouco mais de f\u00f4lego \u00e0 economia local. Mas, para isso, teve de conseguir a aprova\u00e7\u00e3o do Confaz. Uma vit\u00f3ria t\u00e9cnica e pol\u00edtica do secret\u00e1rio de Economia do DF, Andr\u00e9 Clemente.<\/p>\n<p class=\"p1\">A capital federal \u00e9 a \u00fanica unidade da Federa\u00e7\u00e3o a realizar 2 Refis nos \u00faltimos 4 anos.<\/p>\n<p class=\"p1\"><span class=\"s1\"><b>Fora da d\u00edvida ativa <\/b><\/span><\/p>\n<p class=\"p1\"><span class=\"s1\"> O montante de d\u00edvidas acumuladas de pessoas f\u00edsicas e jur\u00eddicas entre 2019 e 2020 chega a R$ 3 bilh\u00f5es. Esse \u00e9 o valor que consta registrado oficialmente.\u00a0<\/span>Mas ele \u00e9 ainda maior.<\/p>\n<p class=\"p1\">O governo local deixou de mandar as inadimpl\u00eancias para a lista da d\u00edvida ativa em abril de 2020. Foi uma medida para amenizar transtornos \u00e0s empresas.<\/p>\n<p class=\"p1\">Uma vez inscritas na d\u00edvida ativa, ficariam impedidas de receber o pagamento por servi\u00e7os prestados a entidades p\u00fablicas, o que agravaria ainda mais a sa\u00fade financeira delas na crise. Mas os d\u00e9bitos existem e ter\u00e3o de ser regularizados.<\/p>\n<p class=\"p1\"><span class=\"s1\">\u201c\u00c9 mais uma medida do governador Ibaneis para salvar empregos, salvar empresas, reduzindo os efeitos negativos na economia durante a pandemia\u201d, explicou o secret\u00e1rio de Economia do DF, Andr\u00e9 Clemente.<\/span><\/p>\n","protected":false},"excerpt":{"rendered":"<p>Por Samanta Sallum O vice-presidente da C\u00e2mara Legislativa, deputado Rodrigo Delmasso (Republicanos), afirmou que ser\u00e1 feito um esfor\u00e7o legislativo para aprovar o novo Refis, proposto pelo GDF, at\u00e9 o fim da primeira quinzena de novembro. Ele foi autor de of\u00edcio, enviado em julho \u00e0 Secretaria de Economia, apontando a necessidade de ampliar o prazo do benef\u00edcio para os anos de [&hellip;]<\/p>\n","protected":false},"author":125,"featured_media":5653,"comment_status":"open","ping_status":"open","sticky":false,"template":"","format":"standard","meta":{"footnotes":""},"categories":[6],"tags":[594,276,593,203,592,44,5,14],"class_list":["post-5646","post","type-post","status-publish","format-standard","has-post-thumbnail","hentry","category-coluna-capital-s-a","tag-confaz","tag-economia","tag-financas","tag-gdf","tag-serasa","tag-divida","tag-pandemia","tag-refis"],"_links":{"self":[{"href":"https:\/\/blogs.correiobraziliense.com.br\/capital-sa\/wp-json\/wp\/v2\/posts\/5646","targetHints":{"allow":["GET"]}}],"collection":[{"href":"https:\/\/blogs.correiobraziliense.com.br\/capital-sa\/wp-json\/wp\/v2\/posts"}],"about":[{"href":"https:\/\/blogs.correiobraziliense.com.br\/capital-sa\/wp-json\/wp\/v2\/types\/post"}],"author":[{"embeddable":true,"href":"https:\/\/blogs.correiobraziliense.com.br\/capital-sa\/wp-json\/wp\/v2\/users\/125"}],"replies":[{"embeddable":true,"href":"https:\/\/blogs.correiobraziliense.com.br\/capital-sa\/wp-json\/wp\/v2\/comments?post=5646"}],"version-history":[{"count":10,"href":"https:\/\/blogs.correiobraziliense.com.br\/capital-sa\/wp-json\/wp\/v2\/posts\/5646\/revisions"}],"predecessor-version":[{"id":5658,"href":"https:\/\/blogs.correiobraziliense.com.br\/capital-sa\/wp-json\/wp\/v2\/posts\/5646\/revisions\/5658"}],"wp:featuredmedia":[{"embeddable":true,"href":"https:\/\/blogs.correiobraziliense.com.br\/capital-sa\/wp-json\/wp\/v2\/media\/5653"}],"wp:attachment":[{"href":"https:\/\/blogs.correiobraziliense.com.br\/capital-sa\/wp-json\/wp\/v2\/media?parent=5646"}],"wp:term":[{"taxonomy":"category","embeddable":true,"href":"https:\/\/blogs.correiobraziliense.com.br\/capital-sa\/wp-json\/wp\/v2\/categories?post=5646"},{"taxonomy":"post_tag","embeddable":true,"href":"https:\/\/blogs.correiobraziliense.com.br\/capital-sa\/wp-json\/wp\/v2\/tags?post=5646"}],"curies":[{"name":"wp","href":"https:\/\/api.w.org\/{rel}","templated":true}]}}