{"id":5598,"date":"2021-10-21T10:50:30","date_gmt":"2021-10-21T13:50:30","guid":{"rendered":"https:\/\/blogs.correiobraziliense.com.br\/capital-sa\/?p=5598"},"modified":"2021-10-21T10:54:06","modified_gmt":"2021-10-21T13:54:06","slug":"bid-concede-prorrogacao-do-contrato-para-polo-jk","status":"publish","type":"post","link":"https:\/\/blogs.correiobraziliense.com.br\/capital-sa\/2021\/10\/21\/bid-concede-prorrogacao-do-contrato-para-polo-jk\/","title":{"rendered":"BID concede prorroga\u00e7\u00e3o   do contrato para Polo JK"},"content":{"rendered":"<p><b>Por Samanta Sallum\u00a0<\/b><\/p>\n<p>O GDF corria o risco de perder milh\u00f5es de d\u00f3lares do empr\u00e9stimo concedido pelo BID para a conclus\u00e3o das obras do Polo JK (Santa Maria) e da \u00c1rea de Desenvolvimento Econ\u00f4mico (ADE) de Ceil\u00e2ndia. O prazo se encerraria em <a href=\"\/\/0\">10 de dezembro de 2021<\/a>. O valor total do contrato \u00e9 de 66 milh\u00f5es de d\u00f3lares e j\u00e1 foram repassados 44 milh\u00f5es. A entidade internacional aceitou prorrog\u00e1-lo por mais 1 ano.<\/p>\n<p>A not\u00edcia veio com al\u00edvio para a Secretaria de Desenvolvimento Econ\u00f4mico do DF, que foi respons\u00e1vel por articular com o BID a renegocia\u00e7\u00e3o das condi\u00e7\u00f5es.<\/p>\n<p>O contrato estava sendo dado j\u00e1 como perdido. Mas o secret\u00e1rio\u00a0M\u00e1rcio\u00a0Farias buscou reverter a situa\u00e7\u00e3o para garantir os recursos necess\u00e1rios \u00e0s obras de infraestrutura das regi\u00f5es.<\/p>\n<p>O objetivo \u00e9 atrair a instala\u00e7\u00e3o de mais empreendimentos para Ceil\u00e2ndia e oPolo JK, este reservado a atividades industriais de grande porte por estar \u00e0 beira da BR-040.<\/p>\n<p>S\u00e3o \u00e1reas com potencial de agregar empresas de atua\u00e7\u00e3o na Regi\u00e3o Centro-Oeste e parte da Norte. L\u00e1 est\u00e3o instaladas a Uni\u00e3o Qu\u00edmica,a Gravia, a mexicana Bimbo, Fujioka, Distribuidora Dia a Dia entre outras.<\/p>\n","protected":false},"excerpt":{"rendered":"<p>Por Samanta Sallum\u00a0 O GDF corria o risco de perder milh\u00f5es de d\u00f3lares do empr\u00e9stimo concedido pelo BID para a conclus\u00e3o das obras do Polo JK (Santa Maria) e da \u00c1rea de Desenvolvimento Econ\u00f4mico (ADE) de Ceil\u00e2ndia. O prazo se encerraria em 10 de dezembro de 2021. O valor total do contrato \u00e9 de 66 milh\u00f5es de d\u00f3lares e j\u00e1 [&hellip;]<\/p>\n","protected":false},"author":125,"featured_media":5604,"comment_status":"open","ping_status":"open","sticky":false,"template":"","format":"standard","meta":{"footnotes":""},"categories":[6],"tags":[],"class_list":["post-5598","post","type-post","status-publish","format-standard","has-post-thumbnail","hentry","category-coluna-capital-s-a"],"_links":{"self":[{"href":"https:\/\/blogs.correiobraziliense.com.br\/capital-sa\/wp-json\/wp\/v2\/posts\/5598","targetHints":{"allow":["GET"]}}],"collection":[{"href":"https:\/\/blogs.correiobraziliense.com.br\/capital-sa\/wp-json\/wp\/v2\/posts"}],"about":[{"href":"https:\/\/blogs.correiobraziliense.com.br\/capital-sa\/wp-json\/wp\/v2\/types\/post"}],"author":[{"embeddable":true,"href":"https:\/\/blogs.correiobraziliense.com.br\/capital-sa\/wp-json\/wp\/v2\/users\/125"}],"replies":[{"embeddable":true,"href":"https:\/\/blogs.correiobraziliense.com.br\/capital-sa\/wp-json\/wp\/v2\/comments?post=5598"}],"version-history":[{"count":4,"href":"https:\/\/blogs.correiobraziliense.com.br\/capital-sa\/wp-json\/wp\/v2\/posts\/5598\/revisions"}],"predecessor-version":[{"id":5603,"href":"https:\/\/blogs.correiobraziliense.com.br\/capital-sa\/wp-json\/wp\/v2\/posts\/5598\/revisions\/5603"}],"wp:featuredmedia":[{"embeddable":true,"href":"https:\/\/blogs.correiobraziliense.com.br\/capital-sa\/wp-json\/wp\/v2\/media\/5604"}],"wp:attachment":[{"href":"https:\/\/blogs.correiobraziliense.com.br\/capital-sa\/wp-json\/wp\/v2\/media?parent=5598"}],"wp:term":[{"taxonomy":"category","embeddable":true,"href":"https:\/\/blogs.correiobraziliense.com.br\/capital-sa\/wp-json\/wp\/v2\/categories?post=5598"},{"taxonomy":"post_tag","embeddable":true,"href":"https:\/\/blogs.correiobraziliense.com.br\/capital-sa\/wp-json\/wp\/v2\/tags?post=5598"}],"curies":[{"name":"wp","href":"https:\/\/api.w.org\/{rel}","templated":true}]}}