{"id":5543,"date":"2021-10-19T02:15:53","date_gmt":"2021-10-19T05:15:53","guid":{"rendered":"https:\/\/blogs.correiobraziliense.com.br\/capital-sa\/?p=5543"},"modified":"2021-10-19T02:15:53","modified_gmt":"2021-10-19T05:15:53","slug":"pao-de-acucar-vende-extra-hiper-para-atacadista-assai","status":"publish","type":"post","link":"https:\/\/blogs.correiobraziliense.com.br\/capital-sa\/2021\/10\/19\/pao-de-acucar-vende-extra-hiper-para-atacadista-assai\/","title":{"rendered":"P\u00e3o de A\u00e7\u00facar vende Extra Hiper para atacadista Assa\u00ed"},"content":{"rendered":"<p>Por Samanta Sallum<\/p>\n<p class=\"p1\">O Grupo P\u00e3o de A\u00e7\u00facar (GPA) vendeu 71, das 103 unidades no pa\u00eds, do Extra Hiper, \u00e0 rede atacadista Assa\u00ed e vai extinguir o modelo de hipermercado no pa\u00eds. As lojas ser\u00e3o transformadas em atacarejo, tamb\u00e9m chamado de Cash &amp; Carry.<\/p>\n<p class=\"p1\"><span class=\"s1\"><b>Indefini\u00e7\u00e3o nas lojas do DF<\/b><\/span><\/p>\n<p class=\"p1\"><span class=\"s1\">N\u00e3o foi divulgado ainda quais as unidades transferidas, mas algumas do DF devem entrar na lista. S\u00e3o cinco lojas do Extra na capital: Bras\u00edlia Norte, Bras\u00edlia Park, Bras\u00edlia Sul (SIA), Taguatinga e Ceil\u00e2ndia. J\u00e1 o P\u00e3o de A\u00e7\u00facar conta com 11 lojas pelo Plano Piloto, Lagos Sul e Norte, Sudoeste e Guar\u00e1.<\/span><\/p>\n<p class=\"p1\"><span class=\"s1\"><b>Fundo imobili\u00e1rio<\/b><\/span><\/p>\n<p class=\"p1\"><span class=\"s1\">O neg\u00f3cio foi fechado por R$ 5,2 bilh\u00f5es, sendo R$ 4 bilh\u00f5es pagos em seis parcelas at\u00e9 2024, e R$ 1,2 bilh\u00e3o por meio de um fundo imobili\u00e1rio. <\/span><\/p>\n<p class=\"p1\"><span class=\"s1\"><b>Expans\u00e3o com e-commerce<\/b><\/span><\/p>\n<p class=\"p1\"><span class=\"s1\">Em comunicado aos investidores, o GPA afirmou que 28 unidades do hipermercado Extra ser\u00e3o convertidas para as bandeiras P\u00e3o de A\u00e7\u00facar e Mercado Extra. Outras quatro unidades ser\u00e3o desativadas. \u201cO GPA vai acelerar seu plano de expans\u00e3o com foco nas bandeiras de maior rentabilidade e performance, e da lideran\u00e7a no e-commerce alimentar\u201d, informou a empresa.<\/span><\/p>\n","protected":false},"excerpt":{"rendered":"<p>Por Samanta Sallum O Grupo P\u00e3o de A\u00e7\u00facar (GPA) vendeu 71, das 103 unidades no pa\u00eds, do Extra Hiper, \u00e0 rede atacadista Assa\u00ed e vai extinguir o modelo de hipermercado no pa\u00eds. As lojas ser\u00e3o transformadas em atacarejo, tamb\u00e9m chamado de Cash &amp; Carry. Indefini\u00e7\u00e3o nas lojas do DF N\u00e3o foi divulgado ainda quais as unidades transferidas, mas algumas do [&hellip;]<\/p>\n","protected":false},"author":125,"featured_media":0,"comment_status":"open","ping_status":"open","sticky":false,"template":"","format":"standard","meta":{"footnotes":""},"categories":[6],"tags":[],"class_list":["post-5543","post","type-post","status-publish","format-standard","hentry","category-coluna-capital-s-a"],"_links":{"self":[{"href":"https:\/\/blogs.correiobraziliense.com.br\/capital-sa\/wp-json\/wp\/v2\/posts\/5543","targetHints":{"allow":["GET"]}}],"collection":[{"href":"https:\/\/blogs.correiobraziliense.com.br\/capital-sa\/wp-json\/wp\/v2\/posts"}],"about":[{"href":"https:\/\/blogs.correiobraziliense.com.br\/capital-sa\/wp-json\/wp\/v2\/types\/post"}],"author":[{"embeddable":true,"href":"https:\/\/blogs.correiobraziliense.com.br\/capital-sa\/wp-json\/wp\/v2\/users\/125"}],"replies":[{"embeddable":true,"href":"https:\/\/blogs.correiobraziliense.com.br\/capital-sa\/wp-json\/wp\/v2\/comments?post=5543"}],"version-history":[{"count":3,"href":"https:\/\/blogs.correiobraziliense.com.br\/capital-sa\/wp-json\/wp\/v2\/posts\/5543\/revisions"}],"predecessor-version":[{"id":5547,"href":"https:\/\/blogs.correiobraziliense.com.br\/capital-sa\/wp-json\/wp\/v2\/posts\/5543\/revisions\/5547"}],"wp:attachment":[{"href":"https:\/\/blogs.correiobraziliense.com.br\/capital-sa\/wp-json\/wp\/v2\/media?parent=5543"}],"wp:term":[{"taxonomy":"category","embeddable":true,"href":"https:\/\/blogs.correiobraziliense.com.br\/capital-sa\/wp-json\/wp\/v2\/categories?post=5543"},{"taxonomy":"post_tag","embeddable":true,"href":"https:\/\/blogs.correiobraziliense.com.br\/capital-sa\/wp-json\/wp\/v2\/tags?post=5543"}],"curies":[{"name":"wp","href":"https:\/\/api.w.org\/{rel}","templated":true}]}}