{"id":5516,"date":"2021-10-17T20:43:04","date_gmt":"2021-10-17T23:43:04","guid":{"rendered":"https:\/\/blogs.correiobraziliense.com.br\/capital-sa\/?p=5516"},"modified":"2021-10-17T21:43:34","modified_gmt":"2021-10-18T00:43:34","slug":"o-sabor-do-para","status":"publish","type":"post","link":"https:\/\/blogs.correiobraziliense.com.br\/capital-sa\/2021\/10\/17\/o-sabor-do-para\/","title":{"rendered":"O sabor do Par\u00e1"},"content":{"rendered":"<p class=\"p1\"><span class=\"s1\">Por Samanta Sallum<\/span><\/p>\n<p><span class=\"s2\">Recentemente uma carreta com 14 toneladas de a\u00e7a\u00ed org\u00e2nico congelado saiu do munic\u00edpio de Castanhal, no Par\u00e1, para fazer entregas em diversas cidades. E parou em Bras\u00edlia. Descarregou aqui 1 tonelada do produto para abastecer o Sagrado A\u00e7a\u00ed, um bistr\u00f4 na 203 Sul que inaugurou h\u00e1 pouco mais de um m\u00eas.<br \/>\n<\/span><\/p>\n<p class=\"p1\"><span class=\"s2\">Bras\u00edlia se tornou um dos grandes centros consumidores de a\u00e7a\u00ed. Franquias no pa\u00eds se expandem. Mas, na hora de abrir o neg\u00f3cio e depois de pesquisar bastante, o casal dono do Sagrado A\u00e7a\u00ed decidiu n\u00e3o optar por ser franqueado. E, sim, montar o empreendimento com um conceito pr\u00f3prio.<\/span><\/p>\n<p class=\"p1\"><span class=\"s1\"><b>Para almo\u00e7ar e jantar<\/b><\/span><\/p>\n<p class=\"p1\"><span class=\"s2\">\u201cQuer\u00edamos um lugar que oferecesse o melhor a\u00e7a\u00ed, puro e org\u00e2nico, mas que fosse al\u00e9m disso. Ent\u00e3o, criamos um card\u00e1pio de lanches e refei\u00e7\u00f5es primando pela qualidade dos ingredientes\u201d, conta Roberta Silva Dias,39 anos, dona do neg\u00f3cio com o marido, Marco Ant\u00f4nio Santos.<\/span><\/p>\n<p class=\"p1\"><span class=\"s1\"><b>Inspira\u00e7\u00e3o amaz\u00f4nica<\/b><br \/>\n<\/span><\/p>\n<p class=\"p1\"><span class=\"s2\">Contrataram um consultor em gastronomia e tamb\u00e9m um escrit\u00f3rio de arquitetura que se inspirassem nos sabores e nas cores da Amaz\u00f4nia. Para isso, o casal antes fez uma imers\u00e3o de 15 dias no Par\u00e1, conhecendo a cadeia produtiva do a\u00e7a\u00ed e a culin\u00e1ria local.<\/span><\/p>\n<p class=\"p1\"><span class=\"s1\"><b>Risoto de jambu<\/b><\/span><\/p>\n<p><img loading=\"lazy\" decoding=\"async\" class=\"aligncenter size-medium wp-image-5537\" src=\"https:\/\/blogs.correiobraziliense.com.br\/capital-sa\/wp-content\/uploads\/sites\/59\/2021\/10\/40EA051E-DA71-4BD7-BF59-ACDDA303D822-300x197.jpeg\" alt=\"\" width=\"300\" height=\"197\" srcset=\"https:\/\/blogs.correiobraziliense.com.br\/capital-sa\/wp-content\/uploads\/sites\/59\/2021\/10\/40EA051E-DA71-4BD7-BF59-ACDDA303D822-300x197.jpeg 300w, https:\/\/blogs.correiobraziliense.com.br\/capital-sa\/wp-content\/uploads\/sites\/59\/2021\/10\/40EA051E-DA71-4BD7-BF59-ACDDA303D822-230x151.jpeg 230w, https:\/\/blogs.correiobraziliense.com.br\/capital-sa\/wp-content\/uploads\/sites\/59\/2021\/10\/40EA051E-DA71-4BD7-BF59-ACDDA303D822.jpeg 546w\" sizes=\"auto, (max-width: 300px) 100vw, 300px\" \/><\/p>\n<p class=\"p1\"><span class=\"s2\">Entre as atra\u00e7\u00f5es, al\u00e9m do a\u00e7a\u00ed batido com os mais variados acompanhamentos, chama a aten\u00e7\u00e3o no card\u00e1pio o risoto de jambu com fil\u00e9 de filhote (pescado da Amaz\u00f4nia) grelhado com farofinha crocante de castanha-do-par\u00e1. Mas, para quem gosta de carne vermelha, h\u00e1 tamb\u00e9m \u00f3timas op\u00e7\u00f5es, como o tradicional picadinho.<\/span><\/p>\n<p class=\"p1\"><span class=\"s1\"><b>Franquia para outros pa\u00edses<\/b><br \/>\n<\/span><\/p>\n<p class=\"p1\"><span class=\"s2\">A ideia \u00e9 expandir para outras unidades e franquear a marca at\u00e9 internacionalmente, levando para Portugal e pa\u00edses \u00e1rabes, que j\u00e1 demonstraram interesse, vantagem de a empresa estar aqui na sede das representa\u00e7\u00f5es diplom\u00e1ticas.<\/span><\/p>\n<p class=\"p1\"><span class=\"s2\">\u00a0<\/span><\/p>\n","protected":false},"excerpt":{"rendered":"<p>Por Samanta Sallum Recentemente uma carreta com 14 toneladas de a\u00e7a\u00ed org\u00e2nico congelado saiu do munic\u00edpio de Castanhal, no Par\u00e1, para fazer entregas em diversas cidades. E parou em Bras\u00edlia. Descarregou aqui 1 tonelada do produto para abastecer o Sagrado A\u00e7a\u00ed, um bistr\u00f4 na 203 Sul que inaugurou h\u00e1 pouco mais de um m\u00eas. Bras\u00edlia se tornou um dos grandes [&hellip;]<\/p>\n","protected":false},"author":125,"featured_media":5519,"comment_status":"open","ping_status":"open","sticky":false,"template":"","format":"standard","meta":{"footnotes":""},"categories":[6],"tags":[],"class_list":["post-5516","post","type-post","status-publish","format-standard","has-post-thumbnail","hentry","category-coluna-capital-s-a"],"_links":{"self":[{"href":"https:\/\/blogs.correiobraziliense.com.br\/capital-sa\/wp-json\/wp\/v2\/posts\/5516","targetHints":{"allow":["GET"]}}],"collection":[{"href":"https:\/\/blogs.correiobraziliense.com.br\/capital-sa\/wp-json\/wp\/v2\/posts"}],"about":[{"href":"https:\/\/blogs.correiobraziliense.com.br\/capital-sa\/wp-json\/wp\/v2\/types\/post"}],"author":[{"embeddable":true,"href":"https:\/\/blogs.correiobraziliense.com.br\/capital-sa\/wp-json\/wp\/v2\/users\/125"}],"replies":[{"embeddable":true,"href":"https:\/\/blogs.correiobraziliense.com.br\/capital-sa\/wp-json\/wp\/v2\/comments?post=5516"}],"version-history":[{"count":3,"href":"https:\/\/blogs.correiobraziliense.com.br\/capital-sa\/wp-json\/wp\/v2\/posts\/5516\/revisions"}],"predecessor-version":[{"id":5538,"href":"https:\/\/blogs.correiobraziliense.com.br\/capital-sa\/wp-json\/wp\/v2\/posts\/5516\/revisions\/5538"}],"wp:featuredmedia":[{"embeddable":true,"href":"https:\/\/blogs.correiobraziliense.com.br\/capital-sa\/wp-json\/wp\/v2\/media\/5519"}],"wp:attachment":[{"href":"https:\/\/blogs.correiobraziliense.com.br\/capital-sa\/wp-json\/wp\/v2\/media?parent=5516"}],"wp:term":[{"taxonomy":"category","embeddable":true,"href":"https:\/\/blogs.correiobraziliense.com.br\/capital-sa\/wp-json\/wp\/v2\/categories?post=5516"},{"taxonomy":"post_tag","embeddable":true,"href":"https:\/\/blogs.correiobraziliense.com.br\/capital-sa\/wp-json\/wp\/v2\/tags?post=5516"}],"curies":[{"name":"wp","href":"https:\/\/api.w.org\/{rel}","templated":true}]}}