{"id":550,"date":"2020-11-11T09:05:07","date_gmt":"2020-11-11T12:05:07","guid":{"rendered":"https:\/\/blogs.correiobraziliense.com.br\/capital-sa\/?p=550"},"modified":"2020-11-11T09:05:07","modified_gmt":"2020-11-11T12:05:07","slug":"detran-quer-regularizar-delivery","status":"publish","type":"post","link":"https:\/\/blogs.correiobraziliense.com.br\/capital-sa\/2020\/11\/11\/detran-quer-regularizar-delivery\/","title":{"rendered":"Detran quer regularizar delivery"},"content":{"rendered":"<div dir=\"ltr\">\n<div dir=\"ltr\">\n<div>\n<div>\n<p>Outra medida de inje\u00e7\u00e3o de recursos na economia local e de suporte a atividades que gerem emprego vem do Detran-DF. A cria\u00e7\u00e3o da carteira de habilita\u00e7\u00e3o social vai ajudar a regularizar a situa\u00e7\u00e3o de motoboys e entregadores. Durante a pandemia, o servi\u00e7o de delivery cresceu muito. Gar\u00e7ons que perderam o emprego em bares e restaurantes, devido ao fechamento, se tornaram entregadores para sobreviver, por exemplo.<\/p>\n<\/div>\n<\/div>\n<\/div>\n<\/div>\n<div dir=\"ltr\">\n<div dir=\"ltr\">\n<div>\n<div>\n<p><strong>Chance de trabalho<\/strong><\/p>\n<\/div>\n<\/div>\n<\/div>\n<\/div>\n<div dir=\"ltr\">\n<div dir=\"ltr\">\n<div>\n<div>\n<p>O diretor do Detran-DF, Z\u00e9lio Maia, aponta que muitas motocicletas, em blitzes, s\u00e3o apreendidas de entregadores sem habilita\u00e7\u00e3o. O custo para tirar carteira de motorista \u00e9 de cerca de R$ 2 mil.<\/p>\n<p>&nbsp;<\/p>\n<figure id=\"attachment_552\" aria-describedby=\"caption-attachment-552\" style=\"width: 300px\" class=\"wp-caption aligncenter\"><img loading=\"lazy\" decoding=\"async\" class=\"size-medium wp-image-552\" src=\"https:\/\/blogs.correiobraziliense.com.br\/capital-sa\/wp-content\/uploads\/sites\/59\/2020\/11\/ce062392-cc01-41a0-b144-43069bf59704-300x263.jpg\" alt=\"\" width=\"300\" height=\"263\" srcset=\"https:\/\/blogs.correiobraziliense.com.br\/capital-sa\/wp-content\/uploads\/sites\/59\/2020\/11\/ce062392-cc01-41a0-b144-43069bf59704-300x263.jpg 300w, https:\/\/blogs.correiobraziliense.com.br\/capital-sa\/wp-content\/uploads\/sites\/59\/2020\/11\/ce062392-cc01-41a0-b144-43069bf59704-230x202.jpg 230w, https:\/\/blogs.correiobraziliense.com.br\/capital-sa\/wp-content\/uploads\/sites\/59\/2020\/11\/ce062392-cc01-41a0-b144-43069bf59704.jpg 407w\" sizes=\"auto, (max-width: 300px) 100vw, 300px\" \/><figcaption id=\"caption-attachment-552\" class=\"wp-caption-text\">Cr\u00e9dito: Ag\u00eancia Bras\u00edlia<\/figcaption><\/figure>\n<blockquote><p>\u201c\u00c9 um valor inacess\u00edvel a pessoas em situa\u00e7\u00e3o de vulnerabilidade social. Muitas precisam mudar de categoria, para poder trabalhar, e n\u00e3o t\u00eam condi\u00e7\u00f5es\u201d, diz.<\/p><\/blockquote>\n<p>Segundo Maia, o programa vai permitir que elas possam encontrar um trabalho gra\u00e7as \u00e0 habilita\u00e7\u00e3o ou desenvolver alguma forma de empreendedorismo. \u201cE tamb\u00e9m ajudar\u00e1 as autoescolas e cl\u00ednicas.<\/p>\n<blockquote><p>&#8220;O valor estimado de investimento do GDF \u00e9 de R$ 10 milh\u00f5es por ano, para entregar pelo menos 3 mil carteiras. Mas os inscritos dever\u00e3o se encaixar nos requisitos\u201d, alerta.<\/p><\/blockquote>\n<\/div>\n<\/div>\n<\/div>\n<\/div>\n<blockquote>\n<div dir=\"ltr\">\n<div dir=\"ltr\">\n<div>\n<div>\n<div><\/div>\n<\/div>\n<\/div>\n<\/div>\n<\/div>\n<\/blockquote>\n","protected":false},"excerpt":{"rendered":"<p>Outra medida de inje\u00e7\u00e3o de recursos na economia local e de suporte a atividades que gerem emprego vem do Detran-DF. A cria\u00e7\u00e3o da carteira de habilita\u00e7\u00e3o social vai ajudar a regularizar a situa\u00e7\u00e3o de motoboys e entregadores. Durante a pandemia, o servi\u00e7o de delivery cresceu muito. Gar\u00e7ons que perderam o emprego em bares e restaurantes, devido ao fechamento, se tornaram [&hellip;]<\/p>\n","protected":false},"author":125,"featured_media":551,"comment_status":"open","ping_status":"open","sticky":false,"template":"","format":"standard","meta":{"footnotes":""},"categories":[6],"tags":[],"class_list":["post-550","post","type-post","status-publish","format-standard","has-post-thumbnail","hentry","category-coluna-capital-s-a"],"_links":{"self":[{"href":"https:\/\/blogs.correiobraziliense.com.br\/capital-sa\/wp-json\/wp\/v2\/posts\/550","targetHints":{"allow":["GET"]}}],"collection":[{"href":"https:\/\/blogs.correiobraziliense.com.br\/capital-sa\/wp-json\/wp\/v2\/posts"}],"about":[{"href":"https:\/\/blogs.correiobraziliense.com.br\/capital-sa\/wp-json\/wp\/v2\/types\/post"}],"author":[{"embeddable":true,"href":"https:\/\/blogs.correiobraziliense.com.br\/capital-sa\/wp-json\/wp\/v2\/users\/125"}],"replies":[{"embeddable":true,"href":"https:\/\/blogs.correiobraziliense.com.br\/capital-sa\/wp-json\/wp\/v2\/comments?post=550"}],"version-history":[{"count":3,"href":"https:\/\/blogs.correiobraziliense.com.br\/capital-sa\/wp-json\/wp\/v2\/posts\/550\/revisions"}],"predecessor-version":[{"id":555,"href":"https:\/\/blogs.correiobraziliense.com.br\/capital-sa\/wp-json\/wp\/v2\/posts\/550\/revisions\/555"}],"wp:featuredmedia":[{"embeddable":true,"href":"https:\/\/blogs.correiobraziliense.com.br\/capital-sa\/wp-json\/wp\/v2\/media\/551"}],"wp:attachment":[{"href":"https:\/\/blogs.correiobraziliense.com.br\/capital-sa\/wp-json\/wp\/v2\/media?parent=550"}],"wp:term":[{"taxonomy":"category","embeddable":true,"href":"https:\/\/blogs.correiobraziliense.com.br\/capital-sa\/wp-json\/wp\/v2\/categories?post=550"},{"taxonomy":"post_tag","embeddable":true,"href":"https:\/\/blogs.correiobraziliense.com.br\/capital-sa\/wp-json\/wp\/v2\/tags?post=550"}],"curies":[{"name":"wp","href":"https:\/\/api.w.org\/{rel}","templated":true}]}}