{"id":5488,"date":"2021-10-14T15:49:43","date_gmt":"2021-10-14T18:49:43","guid":{"rendered":"https:\/\/blogs.correiobraziliense.com.br\/capital-sa\/?p=5488"},"modified":"2021-10-14T16:19:53","modified_gmt":"2021-10-14T19:19:53","slug":"gdf-anuncia-pagamento-da-terceira-parcela-de-reajuste-para-150-mil-servidores","status":"publish","type":"post","link":"https:\/\/blogs.correiobraziliense.com.br\/capital-sa\/2021\/10\/14\/gdf-anuncia-pagamento-da-terceira-parcela-de-reajuste-para-150-mil-servidores\/","title":{"rendered":"Terceira parcela de reajuste para 150 mil servidores do DF ser\u00e1 paga em abril de 2022"},"content":{"rendered":"<p class=\"p1\">Por Samanta Sallum<\/p>\n<p class=\"p1\"><span class=\"s1\">\u201cAnuncio que vamos pagar em abril de 2022 a terceira parcela do reajuste aos servidores do Governo do Distrito Federal\u201d, acaba de publicar o governador Ibaneis Rocha no Twitter. Ser\u00e3o contemplados 150 mil servidores ativos e 50 mil inativos da administra\u00e7\u00e3o direta. O impacto na Folha ser\u00e1 de R$ 1 bilh\u00e3o.<\/span><\/p>\n<p class=\"p1\"><span class=\"s1\">\u201cA medida s\u00f3 foi poss\u00edvel gra\u00e7as aos esfor\u00e7os do nosso governo, ao equil\u00edbrio das contas e muito trabalho. Em nossa gest\u00e3o jamais se cogitou ou ouviu falar em atraso de sal\u00e1rios. E isso eu credito ao \u00f3timo trabalho da nossa Secretaria de Economia\u201d, comentou Ibaneis. O pagamento foi uma promessa de campanha.<\/span><\/p>\n<p>O Secret\u00e1rio de Economia do DF, Andr\u00e9 Clemente, deu uma entrevista coletiva no momento para explicar os detalhes da medida. N\u00e3o est\u00e3o inclu\u00eddos no benef\u00edcio os servidores da Secretaria de Seguran\u00e7a.<\/p>\n<p>O GDF vai enviar \u00e0 C\u00e2mara Legislativa um pedido de ajuste ao or\u00e7amento. O or\u00e7amento do DF era \u00a0R$ 40 bilh\u00f5es deve subir para R$ 47 bilh\u00f5es. A \u00a0lei que concede o aumento j\u00e1 existe. Com a altera\u00e7\u00e3o que ser\u00e1 encaminhada para a C\u00e2mara Legislativa, ser\u00e1 poss\u00edvel efetivar o pagamento.<\/p>\n<p>A terceira parcela do reajuste concedido no governo de Agnelo Queiroz (PT) deveria ter sido paga em 2015. Por\u00e9m, \u00e0quela \u00e9poca, primeiro ano da gest\u00e3o de Rodrigo Rollemberg (PSB), a d\u00edvida acabou suspensa por falta de dota\u00e7\u00e3o or\u00e7ament\u00e1ria. Durante a campanha na tentativa de reelei\u00e7\u00e3o, Rollemberg foi cobrado por isso. Ibaneis, ent\u00e3o candidato, prometeu que se eleito iria pagar o benef\u00edcio devido aos servidores.<\/p>\n<p>&nbsp;<\/p>\n<p>&nbsp;<\/p>\n","protected":false},"excerpt":{"rendered":"<p>Por Samanta Sallum \u201cAnuncio que vamos pagar em abril de 2022 a terceira parcela do reajuste aos servidores do Governo do Distrito Federal\u201d, acaba de publicar o governador Ibaneis Rocha no Twitter. Ser\u00e3o contemplados 150 mil servidores ativos e 50 mil inativos da administra\u00e7\u00e3o direta. O impacto na Folha ser\u00e1 de R$ 1 bilh\u00e3o. \u201cA medida s\u00f3 foi poss\u00edvel gra\u00e7as [&hellip;]<\/p>\n","protected":false},"author":125,"featured_media":5490,"comment_status":"open","ping_status":"open","sticky":false,"template":"","format":"standard","meta":{"footnotes":""},"categories":[6],"tags":[],"class_list":["post-5488","post","type-post","status-publish","format-standard","has-post-thumbnail","hentry","category-coluna-capital-s-a"],"_links":{"self":[{"href":"https:\/\/blogs.correiobraziliense.com.br\/capital-sa\/wp-json\/wp\/v2\/posts\/5488","targetHints":{"allow":["GET"]}}],"collection":[{"href":"https:\/\/blogs.correiobraziliense.com.br\/capital-sa\/wp-json\/wp\/v2\/posts"}],"about":[{"href":"https:\/\/blogs.correiobraziliense.com.br\/capital-sa\/wp-json\/wp\/v2\/types\/post"}],"author":[{"embeddable":true,"href":"https:\/\/blogs.correiobraziliense.com.br\/capital-sa\/wp-json\/wp\/v2\/users\/125"}],"replies":[{"embeddable":true,"href":"https:\/\/blogs.correiobraziliense.com.br\/capital-sa\/wp-json\/wp\/v2\/comments?post=5488"}],"version-history":[{"count":11,"href":"https:\/\/blogs.correiobraziliense.com.br\/capital-sa\/wp-json\/wp\/v2\/posts\/5488\/revisions"}],"predecessor-version":[{"id":5504,"href":"https:\/\/blogs.correiobraziliense.com.br\/capital-sa\/wp-json\/wp\/v2\/posts\/5488\/revisions\/5504"}],"wp:featuredmedia":[{"embeddable":true,"href":"https:\/\/blogs.correiobraziliense.com.br\/capital-sa\/wp-json\/wp\/v2\/media\/5490"}],"wp:attachment":[{"href":"https:\/\/blogs.correiobraziliense.com.br\/capital-sa\/wp-json\/wp\/v2\/media?parent=5488"}],"wp:term":[{"taxonomy":"category","embeddable":true,"href":"https:\/\/blogs.correiobraziliense.com.br\/capital-sa\/wp-json\/wp\/v2\/categories?post=5488"},{"taxonomy":"post_tag","embeddable":true,"href":"https:\/\/blogs.correiobraziliense.com.br\/capital-sa\/wp-json\/wp\/v2\/tags?post=5488"}],"curies":[{"name":"wp","href":"https:\/\/api.w.org\/{rel}","templated":true}]}}