{"id":5473,"date":"2021-10-14T12:22:52","date_gmt":"2021-10-14T15:22:52","guid":{"rendered":"https:\/\/blogs.correiobraziliense.com.br\/capital-sa\/?p=5473"},"modified":"2021-10-14T16:08:07","modified_gmt":"2021-10-14T19:08:07","slug":"vamos-barrar-no-stf-diz-ibaneis-sobre-reducao-de-icms-de-combustiveis","status":"publish","type":"post","link":"https:\/\/blogs.correiobraziliense.com.br\/capital-sa\/2021\/10\/14\/vamos-barrar-no-stf-diz-ibaneis-sobre-reducao-de-icms-de-combustiveis\/","title":{"rendered":"\u201cVamos barrar no STF\u201d, diz Ibaneis sobre redu\u00e7\u00e3o de ICMS de combust\u00edveis"},"content":{"rendered":"<p class=\"p1\"><span class=\"s1\">Por Samanta Sallum\u00a0<\/span><\/p>\n<p class=\"p1\"><span class=\"s1\">O governador Ibaneis Rocha classificou como uma \u201cafronta aos estados\u201d a aprova\u00e7\u00e3o ontem \u00e0 noite, pela C\u00e2mara dos Deputados, do projeto que altera a cobran\u00e7a de ICMS dos combust\u00edveis. Ele apontou que a medida \u00e9 inconstitucional, pois a defini\u00e7\u00e3o de al\u00edquotas do imposto \u00e9 compet\u00eancia dos estados, e n\u00e3o da Uni\u00e3o.<\/span><\/p>\n<p class=\"p1\"><span class=\"s1\">\u201c\u00c9 uma tentativa de burlar o que \u00e9 a realidade: que \u00e9 a Petrobras, que \u00e9 uma empresa p\u00fablica, do povo brasileiro, que vem constantemente gerando aumentos no combust\u00edvel e no g\u00e1s de cozinha. Est\u00e3o querendo transferir a responsabilidade para os estados, mas n\u00f3s vamos barrar isso no STF\u201d, afirmou Ibaneis hoje.<\/span><\/p>\n<p class=\"p1\"><span class=\"s1\">Ele lembrou que o GDF j\u00e1 deu sua parcela de contribui\u00e7\u00e3o para reduzir o pre\u00e7o dos combust\u00edveis. \u201cN\u00f3s aqui reduzimos o ICMS em um parcelamento em tr\u00eas anos. Fizemos a nossa parte.\u201d<\/span><\/p>\n<p class=\"p1\"><span class=\"s1\">O projeto, que segue agora para an\u00e1lise do Senado, estabelece um valor fixo para a cobran\u00e7a de ICMS sobre combust\u00edveis.\u00a0<\/span>O texto obriga estados e o Distrito Federal a especificar a al\u00edquota para cada produto por unidade de medida adotada, que pode ser litro, quilo ou volume, e n\u00e3o mais sobre o valor da mercadoria.<\/p>\n<p class=\"p1\">Na pr\u00e1tica, a proposta torna o ICMS invari\u00e1vel frente a varia\u00e7\u00f5es do pre\u00e7o do combust\u00edvel ou de mudan\u00e7as do c\u00e2mbio.<\/p>\n<p class=\"p1\"><span class=\"s1\">A estimativa \u00e9 que as mudan\u00e7as na legisla\u00e7\u00e3o devem levar \u00e0 redu\u00e7\u00e3o do pre\u00e7o final praticado ao consumidor de, em m\u00e9dia, 8% para a gasolina comum, 7% para o etanol hidratado e 3,7% para o diesel B.<\/span><\/p>\n<p>Aqui no DF o pre\u00e7o poderia vir a cair at\u00e9 60 centavos.<\/p>\n<p>&nbsp;<\/p>\n","protected":false},"excerpt":{"rendered":"<p>Por Samanta Sallum\u00a0 O governador Ibaneis Rocha classificou como uma \u201cafronta aos estados\u201d a aprova\u00e7\u00e3o ontem \u00e0 noite, pela C\u00e2mara dos Deputados, do projeto que altera a cobran\u00e7a de ICMS dos combust\u00edveis. Ele apontou que a medida \u00e9 inconstitucional, pois a defini\u00e7\u00e3o de al\u00edquotas do imposto \u00e9 compet\u00eancia dos estados, e n\u00e3o da Uni\u00e3o. \u201c\u00c9 uma tentativa de burlar o [&hellip;]<\/p>\n","protected":false},"author":125,"featured_media":5480,"comment_status":"open","ping_status":"open","sticky":false,"template":"","format":"standard","meta":{"footnotes":""},"categories":[6],"tags":[505,581,41],"class_list":["post-5473","post","type-post","status-publish","format-standard","has-post-thumbnail","hentry","category-coluna-capital-s-a","tag-combustiveis","tag-icms-gdf-aliquota","tag-stf"],"_links":{"self":[{"href":"https:\/\/blogs.correiobraziliense.com.br\/capital-sa\/wp-json\/wp\/v2\/posts\/5473","targetHints":{"allow":["GET"]}}],"collection":[{"href":"https:\/\/blogs.correiobraziliense.com.br\/capital-sa\/wp-json\/wp\/v2\/posts"}],"about":[{"href":"https:\/\/blogs.correiobraziliense.com.br\/capital-sa\/wp-json\/wp\/v2\/types\/post"}],"author":[{"embeddable":true,"href":"https:\/\/blogs.correiobraziliense.com.br\/capital-sa\/wp-json\/wp\/v2\/users\/125"}],"replies":[{"embeddable":true,"href":"https:\/\/blogs.correiobraziliense.com.br\/capital-sa\/wp-json\/wp\/v2\/comments?post=5473"}],"version-history":[{"count":9,"href":"https:\/\/blogs.correiobraziliense.com.br\/capital-sa\/wp-json\/wp\/v2\/posts\/5473\/revisions"}],"predecessor-version":[{"id":5499,"href":"https:\/\/blogs.correiobraziliense.com.br\/capital-sa\/wp-json\/wp\/v2\/posts\/5473\/revisions\/5499"}],"wp:featuredmedia":[{"embeddable":true,"href":"https:\/\/blogs.correiobraziliense.com.br\/capital-sa\/wp-json\/wp\/v2\/media\/5480"}],"wp:attachment":[{"href":"https:\/\/blogs.correiobraziliense.com.br\/capital-sa\/wp-json\/wp\/v2\/media?parent=5473"}],"wp:term":[{"taxonomy":"category","embeddable":true,"href":"https:\/\/blogs.correiobraziliense.com.br\/capital-sa\/wp-json\/wp\/v2\/categories?post=5473"},{"taxonomy":"post_tag","embeddable":true,"href":"https:\/\/blogs.correiobraziliense.com.br\/capital-sa\/wp-json\/wp\/v2\/tags?post=5473"}],"curies":[{"name":"wp","href":"https:\/\/api.w.org\/{rel}","templated":true}]}}