{"id":545,"date":"2020-11-11T08:57:36","date_gmt":"2020-11-11T11:57:36","guid":{"rendered":"https:\/\/blogs.correiobraziliense.com.br\/capital-sa\/?p=545"},"modified":"2020-11-11T08:57:36","modified_gmt":"2020-11-11T11:57:36","slug":"empreender-esperanca","status":"publish","type":"post","link":"https:\/\/blogs.correiobraziliense.com.br\/capital-sa\/2020\/11\/11\/empreender-esperanca\/","title":{"rendered":"Empreender esperan\u00e7a"},"content":{"rendered":"<div dir=\"ltr\">\n<div dir=\"ltr\">\n<p>Em um momento t\u00e3o dif\u00edcil para todos e de forte crise no setor produtivo, muitas empresas de Bras\u00edlia, al\u00e9m de manter, aumentaram o esp\u00edrito de solidariedade. Preparam uma forte a\u00e7\u00e3o social para o Natal. A Carreata Sesc-DF pretende entregar milhares de ceias, brinquedos e cestas b\u00e1sicas para a comunidade carente. Amanh\u00e3, \u00e0s 10h, em live promovida pela Fecom\u00e9rcio-DF, empres\u00e1rios v\u00e3o conhecer melhor o projeto. A expectativa \u00e9 de que ocorra uma grande uni\u00e3o de empresas, das mais diversas \u00e1reas, para a doa\u00e7\u00e3o de alimentos e produtos.<\/p>\n<\/div>\n<\/div>\n<div dir=\"ltr\">\n<div dir=\"ltr\">\n<p>&nbsp;<\/p>\n<\/div>\n<\/div>\n","protected":false},"excerpt":{"rendered":"<p>Em um momento t\u00e3o dif\u00edcil para todos e de forte crise no setor produtivo, muitas empresas de Bras\u00edlia, al\u00e9m de manter, aumentaram o esp\u00edrito de solidariedade. Preparam uma forte a\u00e7\u00e3o social para o Natal. A Carreata Sesc-DF pretende entregar milhares de ceias, brinquedos e cestas b\u00e1sicas para a comunidade carente. Amanh\u00e3, \u00e0s 10h, em live promovida pela Fecom\u00e9rcio-DF, empres\u00e1rios v\u00e3o [&hellip;]<\/p>\n","protected":false},"author":125,"featured_media":546,"comment_status":"open","ping_status":"open","sticky":false,"template":"","format":"standard","meta":{"footnotes":""},"categories":[6],"tags":[],"class_list":["post-545","post","type-post","status-publish","format-standard","has-post-thumbnail","hentry","category-coluna-capital-s-a"],"_links":{"self":[{"href":"https:\/\/blogs.correiobraziliense.com.br\/capital-sa\/wp-json\/wp\/v2\/posts\/545","targetHints":{"allow":["GET"]}}],"collection":[{"href":"https:\/\/blogs.correiobraziliense.com.br\/capital-sa\/wp-json\/wp\/v2\/posts"}],"about":[{"href":"https:\/\/blogs.correiobraziliense.com.br\/capital-sa\/wp-json\/wp\/v2\/types\/post"}],"author":[{"embeddable":true,"href":"https:\/\/blogs.correiobraziliense.com.br\/capital-sa\/wp-json\/wp\/v2\/users\/125"}],"replies":[{"embeddable":true,"href":"https:\/\/blogs.correiobraziliense.com.br\/capital-sa\/wp-json\/wp\/v2\/comments?post=545"}],"version-history":[{"count":1,"href":"https:\/\/blogs.correiobraziliense.com.br\/capital-sa\/wp-json\/wp\/v2\/posts\/545\/revisions"}],"predecessor-version":[{"id":547,"href":"https:\/\/blogs.correiobraziliense.com.br\/capital-sa\/wp-json\/wp\/v2\/posts\/545\/revisions\/547"}],"wp:featuredmedia":[{"embeddable":true,"href":"https:\/\/blogs.correiobraziliense.com.br\/capital-sa\/wp-json\/wp\/v2\/media\/546"}],"wp:attachment":[{"href":"https:\/\/blogs.correiobraziliense.com.br\/capital-sa\/wp-json\/wp\/v2\/media?parent=545"}],"wp:term":[{"taxonomy":"category","embeddable":true,"href":"https:\/\/blogs.correiobraziliense.com.br\/capital-sa\/wp-json\/wp\/v2\/categories?post=545"},{"taxonomy":"post_tag","embeddable":true,"href":"https:\/\/blogs.correiobraziliense.com.br\/capital-sa\/wp-json\/wp\/v2\/tags?post=545"}],"curies":[{"name":"wp","href":"https:\/\/api.w.org\/{rel}","templated":true}]}}