{"id":5439,"date":"2021-10-14T04:40:59","date_gmt":"2021-10-14T07:40:59","guid":{"rendered":"https:\/\/blogs.correiobraziliense.com.br\/capital-sa\/?p=5439"},"modified":"2021-10-14T15:24:26","modified_gmt":"2021-10-14T18:24:26","slug":"uniao-dos-conselhos-comunitarios-do-df-e-criada-para-debater-luos","status":"publish","type":"post","link":"https:\/\/blogs.correiobraziliense.com.br\/capital-sa\/2021\/10\/14\/uniao-dos-conselhos-comunitarios-do-df-e-criada-para-debater-luos\/","title":{"rendered":"Uni\u00e3o dos Conselhos Comunit\u00e1rios do DF \u00e9 criada para debater LUOS"},"content":{"rendered":"<p>Por Samanta Sallum<\/p>\n<p class=\"p1\"><span class=\"s1\">Para ter mais for\u00e7a no debate sobre a nova Lei de Uso e Ocupa\u00e7\u00e3o do Solo (Luos),<span class=\"Apple-converted-space\">\u00a0<\/span>representantes e associa\u00e7\u00f5es de moradores do Distrito Federal decidiram criar uma nova entidade: a Uni\u00e3o dos Conselhos Comunit\u00e1rios do DF (UCCDF). Inicialmente, fazem parte os conselhos comunit\u00e1rios dos lagos Sul e Norte, al\u00e9m do Park Way.<\/span><\/p>\n<p class=\"p1\"><span class=\"s1\">Uma das bandeiras do grupo \u00e9 impedir que os bairros exclusivamente residenciais sejam transformados em bairros mistos, mediante a permiss\u00e3o de que atividades econ\u00f4micas sejam exercidas nas resid\u00eancias dessas regi\u00f5es.<\/span><\/p>\n<p class=\"p1\"><span class=\"s1\">Na esfera ambiental, a outra miss\u00e3o da UCCDF \u00e9 garantir a conserva\u00e7\u00e3o dos parques e reservas j\u00e1 existentes e a cria\u00e7\u00e3o de novos espa\u00e7os que preservem as nascentes e a vegeta\u00e7\u00e3o (veja abaixo todas as propostas).<\/span><\/p>\n<p><b>Impacto no tr\u00e2nsito\u00a0<\/b><\/p>\n<p class=\"p1\"><span class=\"s1\">A advogada Viviane Becker, uma das fundadoras do movimento, aponta que os<span class=\"Apple-converted-space\">\u00a0 <\/span>bairros n\u00e3o comportam in\u00fameras atividades econ\u00f4micas e comerciais.<br \/>\n<\/span><\/p>\n<p class=\"p1\"><span class=\"s1\">\u201cN\u00e3o temos estacionamentos, nem espa\u00e7os para constru\u00ed-los. N\u00e3o temos redes de \u00e1gua, esgoto e energia compat\u00edveis para receber estas atividades. O tr\u00e2nsito ser\u00e1 muito impactado tamb\u00e9m\u201d, alerta.<\/span><\/p>\n<p class=\"p1\"><span class=\"s1\">A nova vers\u00e3o da LUOS, que j\u00e1 passou por audi\u00eancias p\u00fablicas realizadas pelo GDF, deve ser votada em breve pelos deputados distritais. A\u00a0<\/span>aprova\u00e7\u00e3o da lei \u00e9 muito aguardada pelo setor produtivo, pois \u00e9 vista como uma\u00a0<a href=\"https:\/\/www.correiobraziliense.com.br\/cidades-df\/2021\/09\/4950756-gdf-tem-novas-estrategias-para-fomento-da-economia-e-geracao-de-empregos.html\"><span class=\"s2\">possibilidade de aquecimento da economia do DF<\/span><\/a>.<\/p>\n<p class=\"p1\"><span class=\"s3\"><b>Lideran\u00e7as comunit\u00e1rias<\/b><\/span><\/p>\n<p class=\"p1\"><span class=\"s1\">Al\u00e9m de Viviane Becker, que \u00e9 2\u00aa vice-presidente do Conselho Comunit\u00e1rio do Lago Sul (CCLS), comp\u00f5e a lideran\u00e7a da Uni\u00e3o dos Conselhos Comunit\u00e1rios do DF: Luiz Guilherme Jaganu, presidente do CCLS; Natanry Os\u00f3rio, 1\u00aa vice-presidente do CCLS e ex-administradora do Lago Sul; Ant\u00f4nio Matoso Filho, prefeito da Prefeitura Comunit\u00e1ria da Pen\u00ednsula Norte; Francisco Sant\u2019Anna, presidente da Associa\u00e7\u00e3o dos Moradores e Amigos da Regi\u00e3o do Parque Ecol\u00f3gico do C\u00f3rrego do Mato Seco \u2013 AMAC\/Park Way; e Jos\u00e9 Jofre Nascimento, presidente da Associa\u00e7\u00e3o Comunit\u00e1ria do Setor de Mans\u00f5es Park Way.<\/span><\/p>\n<p class=\"p1\"><span class=\"s1\">\u00a0<\/span>&#8220;Queremos as boas pr\u00e1ticas urban\u00edsticas e ecol\u00f3gicas para garantir qualidade de vida aos moradores. Que n\u00e3o nos seja subtra\u00eddo o direito a uma cidade sustent\u00e1vel. Queremos o respeito ao projeto original de L\u00facio Costa, dentro das escalas monumental, residencial, greg\u00e1ria e buc\u00f3lica\u201d, refor\u00e7a Viviane.<\/p>\n<p class=\"p1\"><span class=\"s1\">\u00a0<\/span><b>Propostas da UCCDF<\/b><\/p>\n<p class=\"p1\">1) Impedir a instala\u00e7\u00e3o de atividades econ\u00f4micas\/comerciais nos bairros, conforme proposto no projeto da nova LUOS;<\/p>\n<p class=\"p1\"><span class=\"s1\">2) Retirar as atividades econ\u00f4micas\/comerciais que nos bairros j\u00e1 se instalaram, aguardando a aprova\u00e7\u00e3o posterior da legisla\u00e7\u00e3o;<\/span><\/p>\n<p class=\"p1\"><span class=\"s1\">3) Atuar para que a administra\u00e7\u00e3o n\u00e3o crie novas \u00e1reas comerciais, e que nestes locais sejam criados pequenos parques ecol\u00f3gicos e de conviv\u00eancia comunit\u00e1ria;<\/span><\/p>\n<p class=\"p1\"><span class=\"s1\">4) Atuar perante \u00e0s Administra\u00e7\u00f5es para que seja avaliada a necessidade de cada bairro com rela\u00e7\u00e3o \u00e0 instala\u00e7\u00e3o de novas escolas e igrejas, considerando que os lagos Sul e Norte e o Park Way, por suas caracter\u00edsticas ambientais, devem ter baixa densidade populacional;<\/span><\/p>\n<p class=\"p1\"><span class=\"s1\">5) Amplia\u00e7\u00e3o e conserva\u00e7\u00e3o das reservas ecol\u00f3gicas j\u00e1 existentes;<\/span><\/p>\n<p class=\"p1\"><span class=\"s1\">6) Atuar perante a administra\u00e7\u00e3o para que, no SHIS QI 17 seja criado o Bosque da Mem\u00f3ria, em homenagem \u00e0s v\u00edtimas do COVID (um projeto que tem diversas parcerias, inclusive com a ONU), em substitui\u00e7\u00e3o \u00e0 proposta da TERRACAP de cria\u00e7\u00e3o de quatro novos conjuntos habitacionais em local sens\u00edvel ambientalmente;<\/span><\/p>\n<p class=\"p1\"><span class=\"s1\">7) Atua\u00e7\u00e3o junto aos \u00f3rg\u00e3os p\u00fablicos em quest\u00f5es de impacto de vizinhan\u00e7a, impacto de tr\u00e2nsito, ecologia, tombamento, fechamento de becos e servid\u00f5es de passagens desnecess\u00e1rios, seguran\u00e7a p\u00fablica, assist\u00eancia social, etc;<\/span><\/p>\n<p class=\"p1\"><span class=\"s1\">8) Atua\u00e7\u00e3o perante o Poder Legislativo federal em quest\u00f5es ambientais (ex., mudan\u00e7a do C\u00f3digo Florestal) e urban\u00edstica;<\/span><\/p>\n<p class=\"p1\"><span class=\"s1\">9) Conscientiza\u00e7\u00e3o da comunidade acerca das propostas legislativas e suas consequ\u00eancias<\/span><\/p>\n<p class=\"p1\"><span class=\"s1\">10) Promover o di\u00e1logo entre os moradores e estimular a discuss\u00e3o sobre qual Bras\u00edlia queremos deixar para as futuras gera\u00e7\u00f5es.<\/span><\/p>\n<p class=\"p1\"><span class=\"s1\">\u00a0<\/span><\/p>\n","protected":false},"excerpt":{"rendered":"<p>Por Samanta Sallum Para ter mais for\u00e7a no debate sobre a nova Lei de Uso e Ocupa\u00e7\u00e3o do Solo (Luos),\u00a0representantes e associa\u00e7\u00f5es de moradores do Distrito Federal decidiram criar uma nova entidade: a Uni\u00e3o dos Conselhos Comunit\u00e1rios do DF (UCCDF). Inicialmente, fazem parte os conselhos comunit\u00e1rios dos lagos Sul e Norte, al\u00e9m do Park Way. Uma das bandeiras do grupo [&hellip;]<\/p>\n","protected":false},"author":125,"featured_media":5445,"comment_status":"open","ping_status":"open","sticky":false,"template":"","format":"standard","meta":{"footnotes":""},"categories":[6],"tags":[],"class_list":["post-5439","post","type-post","status-publish","format-standard","has-post-thumbnail","hentry","category-coluna-capital-s-a"],"_links":{"self":[{"href":"https:\/\/blogs.correiobraziliense.com.br\/capital-sa\/wp-json\/wp\/v2\/posts\/5439","targetHints":{"allow":["GET"]}}],"collection":[{"href":"https:\/\/blogs.correiobraziliense.com.br\/capital-sa\/wp-json\/wp\/v2\/posts"}],"about":[{"href":"https:\/\/blogs.correiobraziliense.com.br\/capital-sa\/wp-json\/wp\/v2\/types\/post"}],"author":[{"embeddable":true,"href":"https:\/\/blogs.correiobraziliense.com.br\/capital-sa\/wp-json\/wp\/v2\/users\/125"}],"replies":[{"embeddable":true,"href":"https:\/\/blogs.correiobraziliense.com.br\/capital-sa\/wp-json\/wp\/v2\/comments?post=5439"}],"version-history":[{"count":7,"href":"https:\/\/blogs.correiobraziliense.com.br\/capital-sa\/wp-json\/wp\/v2\/posts\/5439\/revisions"}],"predecessor-version":[{"id":5487,"href":"https:\/\/blogs.correiobraziliense.com.br\/capital-sa\/wp-json\/wp\/v2\/posts\/5439\/revisions\/5487"}],"wp:featuredmedia":[{"embeddable":true,"href":"https:\/\/blogs.correiobraziliense.com.br\/capital-sa\/wp-json\/wp\/v2\/media\/5445"}],"wp:attachment":[{"href":"https:\/\/blogs.correiobraziliense.com.br\/capital-sa\/wp-json\/wp\/v2\/media?parent=5439"}],"wp:term":[{"taxonomy":"category","embeddable":true,"href":"https:\/\/blogs.correiobraziliense.com.br\/capital-sa\/wp-json\/wp\/v2\/categories?post=5439"},{"taxonomy":"post_tag","embeddable":true,"href":"https:\/\/blogs.correiobraziliense.com.br\/capital-sa\/wp-json\/wp\/v2\/tags?post=5439"}],"curies":[{"name":"wp","href":"https:\/\/api.w.org\/{rel}","templated":true}]}}