{"id":5434,"date":"2021-10-13T17:07:54","date_gmt":"2021-10-13T20:07:54","guid":{"rendered":"https:\/\/blogs.correiobraziliense.com.br\/capital-sa\/?p=5434"},"modified":"2021-10-13T17:07:54","modified_gmt":"2021-10-13T20:07:54","slug":"ricardo-almeida-vai-abrir-a-maior-loja-da-sua-marca-no-lago-sul","status":"publish","type":"post","link":"https:\/\/blogs.correiobraziliense.com.br\/capital-sa\/2021\/10\/13\/ricardo-almeida-vai-abrir-a-maior-loja-da-sua-marca-no-lago-sul\/","title":{"rendered":"Ricardo Almeida vai abrir a maior loja da sua marca no Lago Sul"},"content":{"rendered":"<p>Por Samanta Sallum<\/p>\n<p>Refer\u00eancia em moda masculina no pa\u00eds, Ricardo Almeida escolheu um espa\u00e7o de 450m\u00b2 na Comercial da QI 03 do Lago Sul, ao lado da multigrifes Magrella, como segundo endere\u00e7o em Bras\u00edlia. A nova loja, com dois pavimentos, apresenta conceito in\u00e9dito. Al\u00e9m de amplo \u2013 o maior entre os 20 endere\u00e7os pr\u00f3prios da marca, o projeto conta com pain\u00e9is de LED, luz natural vinda de um jardim e \u00e1reas delimitadas por estilos.<\/p>\n<p><b>Bar para relaxar<\/b><\/p>\n<p>Haver\u00e1 um andar exclusivamente para a linha casual, outro para social e sapatos, e um bar para os clientes relaxarem.<\/p>\n<p>\u201cA nossa nova loja tem identidade diferenciada com um ambiente especial para que os clientes possam se sentir \u00e0 vontade como num encontro entre amigos\u201d, contou Ricardo Almeida \u00e0 coluna.<\/p>\n<p><b>Consultoria de imagem<\/b><\/p>\n<p>Respons\u00e1vel por vestir celebridades nacionais, o estilista h\u00e1 38 anos \u00e9 sin\u00f4nimo de eleg\u00e2ncia. O atendimento ser\u00e1 feito por um time de consultores de imagem escolhido a dedo.<\/p>\n<p>\u201cVamos oferecer uma experi\u00eancia customizada para os mais exclusivos consumidores de Bras\u00edlia\u201d, completa Almeida, que estar\u00e1 tamb\u00e9m em contato com os clientes presencialmente na loja por agendamento.<\/p>\n<p>O estilista tem clientes fi\u00e9is em Bras\u00edlia, que j\u00e1 o aguardam com hora marcada para inaugura\u00e7\u00e3o da nova loja no dia 28 de outubro.<\/p>\n","protected":false},"excerpt":{"rendered":"<p>Por Samanta Sallum Refer\u00eancia em moda masculina no pa\u00eds, Ricardo Almeida escolheu um espa\u00e7o de 450m\u00b2 na Comercial da QI 03 do Lago Sul, ao lado da multigrifes Magrella, como segundo endere\u00e7o em Bras\u00edlia. A nova loja, com dois pavimentos, apresenta conceito in\u00e9dito. Al\u00e9m de amplo \u2013 o maior entre os 20 endere\u00e7os pr\u00f3prios da marca, o projeto conta com [&hellip;]<\/p>\n","protected":false},"author":125,"featured_media":5438,"comment_status":"open","ping_status":"open","sticky":false,"template":"","format":"standard","meta":{"footnotes":""},"categories":[6],"tags":[],"class_list":["post-5434","post","type-post","status-publish","format-standard","has-post-thumbnail","hentry","category-coluna-capital-s-a"],"_links":{"self":[{"href":"https:\/\/blogs.correiobraziliense.com.br\/capital-sa\/wp-json\/wp\/v2\/posts\/5434","targetHints":{"allow":["GET"]}}],"collection":[{"href":"https:\/\/blogs.correiobraziliense.com.br\/capital-sa\/wp-json\/wp\/v2\/posts"}],"about":[{"href":"https:\/\/blogs.correiobraziliense.com.br\/capital-sa\/wp-json\/wp\/v2\/types\/post"}],"author":[{"embeddable":true,"href":"https:\/\/blogs.correiobraziliense.com.br\/capital-sa\/wp-json\/wp\/v2\/users\/125"}],"replies":[{"embeddable":true,"href":"https:\/\/blogs.correiobraziliense.com.br\/capital-sa\/wp-json\/wp\/v2\/comments?post=5434"}],"version-history":[{"count":3,"href":"https:\/\/blogs.correiobraziliense.com.br\/capital-sa\/wp-json\/wp\/v2\/posts\/5434\/revisions"}],"predecessor-version":[{"id":5437,"href":"https:\/\/blogs.correiobraziliense.com.br\/capital-sa\/wp-json\/wp\/v2\/posts\/5434\/revisions\/5437"}],"wp:featuredmedia":[{"embeddable":true,"href":"https:\/\/blogs.correiobraziliense.com.br\/capital-sa\/wp-json\/wp\/v2\/media\/5438"}],"wp:attachment":[{"href":"https:\/\/blogs.correiobraziliense.com.br\/capital-sa\/wp-json\/wp\/v2\/media?parent=5434"}],"wp:term":[{"taxonomy":"category","embeddable":true,"href":"https:\/\/blogs.correiobraziliense.com.br\/capital-sa\/wp-json\/wp\/v2\/categories?post=5434"},{"taxonomy":"post_tag","embeddable":true,"href":"https:\/\/blogs.correiobraziliense.com.br\/capital-sa\/wp-json\/wp\/v2\/tags?post=5434"}],"curies":[{"name":"wp","href":"https:\/\/api.w.org\/{rel}","templated":true}]}}