{"id":540,"date":"2020-11-11T08:53:55","date_gmt":"2020-11-11T11:53:55","guid":{"rendered":"https:\/\/blogs.correiobraziliense.com.br\/capital-sa\/?p=540"},"modified":"2020-11-11T08:53:55","modified_gmt":"2020-11-11T11:53:55","slug":"empresarios-no-brasilia-palace","status":"publish","type":"post","link":"https:\/\/blogs.correiobraziliense.com.br\/capital-sa\/2020\/11\/11\/empresarios-no-brasilia-palace\/","title":{"rendered":"Empres\u00e1rios no Bras\u00edlia Palace"},"content":{"rendered":"<div dir=\"ltr\">\n<div dir=\"ltr\">\n<p>Setenta lideran\u00e7as empresariais v\u00e3o se reunir no Bras\u00edlia Palace, no primeiro encontro presencial do Lide Bras\u00edlia, durante a pandemia. O anfitri\u00e3o ser\u00e1 o empres\u00e1rio Paulo Oct\u00e1vio, e o convidado especial, como palestrante, o governador Ibaneis Rocha. O tema da reuni\u00e3o: \u201cPerspectivas para o Distrito Federal na retomada da economia\u201d. O evento ocorre na pr\u00f3xima quarta-feira (18\/11), e tudo \u00e9 preparado para garantir prote\u00e7\u00e3o \u00e0 sa\u00fade dos participantes.<\/p>\n<p>&nbsp;<\/p>\n<\/div>\n<\/div>\n<p><img loading=\"lazy\" decoding=\"async\" class=\"aligncenter size-medium wp-image-541\" src=\"https:\/\/blogs.correiobraziliense.com.br\/capital-sa\/wp-content\/uploads\/sites\/59\/2020\/11\/7ae0975c-5cea-4a30-8d76-8672f0a14d38-300x250.jpg\" alt=\"\" width=\"300\" height=\"250\" srcset=\"https:\/\/blogs.correiobraziliense.com.br\/capital-sa\/wp-content\/uploads\/sites\/59\/2020\/11\/7ae0975c-5cea-4a30-8d76-8672f0a14d38-300x250.jpg 300w, https:\/\/blogs.correiobraziliense.com.br\/capital-sa\/wp-content\/uploads\/sites\/59\/2020\/11\/7ae0975c-5cea-4a30-8d76-8672f0a14d38-768x640.jpg 768w, https:\/\/blogs.correiobraziliense.com.br\/capital-sa\/wp-content\/uploads\/sites\/59\/2020\/11\/7ae0975c-5cea-4a30-8d76-8672f0a14d38-550x458.jpg 550w, https:\/\/blogs.correiobraziliense.com.br\/capital-sa\/wp-content\/uploads\/sites\/59\/2020\/11\/7ae0975c-5cea-4a30-8d76-8672f0a14d38-230x192.jpg 230w, https:\/\/blogs.correiobraziliense.com.br\/capital-sa\/wp-content\/uploads\/sites\/59\/2020\/11\/7ae0975c-5cea-4a30-8d76-8672f0a14d38.jpg 791w\" sizes=\"auto, (max-width: 300px) 100vw, 300px\" \/><\/p>\n<div dir=\"ltr\">\n<div dir=\"ltr\">\n<div>\n<blockquote><p>\u201cSer\u00e1 um momento importante para um debate mais que necess\u00e1rio no atual contexto econ\u00f4mico. Realizamos, antes, diversas reuni\u00f5es virtuais. Foi essencial nos manter mobilizados para enfrentar esse desafio t\u00e3o complexo que a pandemia nos imp\u00f4s\u201d, destaca<strong> Paulo Oct\u00e1vio<\/strong>, presidente do Grupo de Lideran\u00e7as Empresariais de Bras\u00edlia.<\/p><\/blockquote>\n<\/div>\n<\/div>\n<\/div>\n","protected":false},"excerpt":{"rendered":"<p>Setenta lideran\u00e7as empresariais v\u00e3o se reunir no Bras\u00edlia Palace, no primeiro encontro presencial do Lide Bras\u00edlia, durante a pandemia. O anfitri\u00e3o ser\u00e1 o empres\u00e1rio Paulo Oct\u00e1vio, e o convidado especial, como palestrante, o governador Ibaneis Rocha. O tema da reuni\u00e3o: \u201cPerspectivas para o Distrito Federal na retomada da economia\u201d. O evento ocorre na pr\u00f3xima quarta-feira (18\/11), e tudo \u00e9 preparado [&hellip;]<\/p>\n","protected":false},"author":125,"featured_media":542,"comment_status":"open","ping_status":"open","sticky":false,"template":"","format":"standard","meta":{"footnotes":""},"categories":[6],"tags":[],"class_list":["post-540","post","type-post","status-publish","format-standard","has-post-thumbnail","hentry","category-coluna-capital-s-a"],"_links":{"self":[{"href":"https:\/\/blogs.correiobraziliense.com.br\/capital-sa\/wp-json\/wp\/v2\/posts\/540","targetHints":{"allow":["GET"]}}],"collection":[{"href":"https:\/\/blogs.correiobraziliense.com.br\/capital-sa\/wp-json\/wp\/v2\/posts"}],"about":[{"href":"https:\/\/blogs.correiobraziliense.com.br\/capital-sa\/wp-json\/wp\/v2\/types\/post"}],"author":[{"embeddable":true,"href":"https:\/\/blogs.correiobraziliense.com.br\/capital-sa\/wp-json\/wp\/v2\/users\/125"}],"replies":[{"embeddable":true,"href":"https:\/\/blogs.correiobraziliense.com.br\/capital-sa\/wp-json\/wp\/v2\/comments?post=540"}],"version-history":[{"count":2,"href":"https:\/\/blogs.correiobraziliense.com.br\/capital-sa\/wp-json\/wp\/v2\/posts\/540\/revisions"}],"predecessor-version":[{"id":544,"href":"https:\/\/blogs.correiobraziliense.com.br\/capital-sa\/wp-json\/wp\/v2\/posts\/540\/revisions\/544"}],"wp:featuredmedia":[{"embeddable":true,"href":"https:\/\/blogs.correiobraziliense.com.br\/capital-sa\/wp-json\/wp\/v2\/media\/542"}],"wp:attachment":[{"href":"https:\/\/blogs.correiobraziliense.com.br\/capital-sa\/wp-json\/wp\/v2\/media?parent=540"}],"wp:term":[{"taxonomy":"category","embeddable":true,"href":"https:\/\/blogs.correiobraziliense.com.br\/capital-sa\/wp-json\/wp\/v2\/categories?post=540"},{"taxonomy":"post_tag","embeddable":true,"href":"https:\/\/blogs.correiobraziliense.com.br\/capital-sa\/wp-json\/wp\/v2\/tags?post=540"}],"curies":[{"name":"wp","href":"https:\/\/api.w.org\/{rel}","templated":true}]}}