{"id":5339,"date":"2021-10-04T10:39:44","date_gmt":"2021-10-04T13:39:44","guid":{"rendered":"https:\/\/blogs.correiobraziliense.com.br\/capital-sa\/?p=5339"},"modified":"2021-10-04T11:21:12","modified_gmt":"2021-10-04T14:21:12","slug":"cultivo-de-uvas-para-vinhos-e-nova-aposta-do-agronegocio-no-cerrado","status":"publish","type":"post","link":"https:\/\/blogs.correiobraziliense.com.br\/capital-sa\/2021\/10\/04\/cultivo-de-uvas-para-vinhos-e-nova-aposta-do-agronegocio-no-cerrado\/","title":{"rendered":"Cultivo de uvas para vinhos \u00e9 nova aposta do agroneg\u00f3cio no Cerrado"},"content":{"rendered":"<p class=\"p1\">Por Samanta Sallum<\/p>\n<p class=\"p1\"><span class=\"s1\">H\u00e1 1 ano, a fam\u00edlia Bonato fez uma ousada aposta. Cultivar uvas em sua propriedade no PAD\/DF, a 60km do centro de Bras\u00edlia. A colheita chegou em setembro e o resultado foi positivo. O vinhedo Oma Sena colheu a primeira safra de uvas sauvignon blanc e syrah.<\/span><\/p>\n<p class=\"p1\"><span class=\"s1\">Formada em agronomia, pela UnB, a brasiliense Isabella Bonato, 30 anos, acreditou no potencial do agroneg\u00f3cio e hoje administra o empreendimento com o pai, Jac\u00f3 Paulo, a m\u00e3e, Cristina, e o irm\u00e3o Rafael.<\/span><\/p>\n<p class=\"p1\"><span class=\"s1\">\u00a0<\/span><b>Aprendizado em Minas<\/b><\/p>\n<p class=\"p1\"><span class=\"s1\">Com apoio do Sebrae DF, Isabella participou de miss\u00f5es empresariais para Petrolina, em Pernambuco; Vale dos Vinhedos, no Rio Grande do Sul; e para o sul de Minas, na regi\u00e3o da Serra da Mantiqueira, e adquiriu ainda mais conhecimento sobre o cultivo da uva vin\u00edfera.<\/span><\/p>\n<p class=\"p1\"><span class=\"s1\"> \u201cFoi assim que realmente me convenci de que o neg\u00f3cio era vi\u00e1vel e que pod\u00edamos mergulhar nesse projeto\u201d, conta. E foi a t\u00e9cnica usada em Minas que ela trouxe para o seu cultivo.<\/span><\/p>\n<p><img loading=\"lazy\" decoding=\"async\" class=\"aligncenter size-medium wp-image-5344\" src=\"https:\/\/blogs.correiobraziliense.com.br\/capital-sa\/wp-content\/uploads\/sites\/59\/2021\/10\/61CC5075-AA2E-4938-B88F-5C9F939D4868-300x225.jpeg\" alt=\"\" width=\"300\" height=\"225\" srcset=\"https:\/\/blogs.correiobraziliense.com.br\/capital-sa\/wp-content\/uploads\/sites\/59\/2021\/10\/61CC5075-AA2E-4938-B88F-5C9F939D4868-300x225.jpeg 300w, https:\/\/blogs.correiobraziliense.com.br\/capital-sa\/wp-content\/uploads\/sites\/59\/2021\/10\/61CC5075-AA2E-4938-B88F-5C9F939D4868-768x576.jpeg 768w, https:\/\/blogs.correiobraziliense.com.br\/capital-sa\/wp-content\/uploads\/sites\/59\/2021\/10\/61CC5075-AA2E-4938-B88F-5C9F939D4868-1024x768.jpeg 1024w, https:\/\/blogs.correiobraziliense.com.br\/capital-sa\/wp-content\/uploads\/sites\/59\/2021\/10\/61CC5075-AA2E-4938-B88F-5C9F939D4868-800x600.jpeg 800w, https:\/\/blogs.correiobraziliense.com.br\/capital-sa\/wp-content\/uploads\/sites\/59\/2021\/10\/61CC5075-AA2E-4938-B88F-5C9F939D4868-550x413.jpeg 550w, https:\/\/blogs.correiobraziliense.com.br\/capital-sa\/wp-content\/uploads\/sites\/59\/2021\/10\/61CC5075-AA2E-4938-B88F-5C9F939D4868-230x173.jpeg 230w, https:\/\/blogs.correiobraziliense.com.br\/capital-sa\/wp-content\/uploads\/sites\/59\/2021\/10\/61CC5075-AA2E-4938-B88F-5C9F939D4868.jpeg 1280w\" sizes=\"auto, (max-width: 300px) 100vw, 300px\" \/><\/p>\n<p class=\"p1\"><span class=\"s1\">\u00a0<\/span><b>Cabernet Sauvignon<\/b><\/p>\n<p class=\"p1\"><span class=\"s1\">Com os resultados positivos , a fam\u00edlia Bonato iniciou um processo de microvinifica\u00e7\u00e3o e, no momento, j\u00e1 planeja al\u00e7ar voos maiores. O objetivo \u00e9 produzir vinhos utilizando outras variedades de uvas, e para isso Isabella ampliou a \u00e1rea de produ\u00e7\u00e3o, onde tamb\u00e9m est\u00e3o sendo cultivadas uvas do tipo cabernet sauvignon.<\/span><\/p>\n<p class=\"p1\"><span class=\"s1\"><b>Passeios harmonizados <\/b><\/span><\/p>\n<p class=\"p1\"><span class=\"s1\">Al\u00e9m da produ\u00e7\u00e3o pr\u00f3pria, a fam\u00edlia Bonato faz parte da Vin\u00edcola Bras\u00edlia. O empreendimento re\u00fane todas as 10 fam\u00edlias de produtores<span class=\"Apple-converted-space\">\u00a0<\/span>de uvas e est\u00e1 sendo erguido na regi\u00e3o do PAD\/DF. Ser\u00e1 inaugurado no que vem. O espa\u00e7o ser\u00e1 vitrine para a produ\u00e7\u00e3o de vinhos de qualidade produzidos no territ\u00f3rio brasiliense e pretende \u00a0inserir o DF no mapa do enoturismo nacional.<\/span><\/p>\n<p class=\"p1\"><span class=\"s1\"> As propriedades est\u00e3o se preparando para receber visitantes, oferecer passeios harmonizados e realizar eventos que valorizem a cultura do vinho local.\u00a0<\/span>A expectativa \u00e9 comercializar 200 mil litros da bebida por ano.<\/p>\n","protected":false},"excerpt":{"rendered":"<p>Por Samanta Sallum H\u00e1 1 ano, a fam\u00edlia Bonato fez uma ousada aposta. Cultivar uvas em sua propriedade no PAD\/DF, a 60km do centro de Bras\u00edlia. A colheita chegou em setembro e o resultado foi positivo. O vinhedo Oma Sena colheu a primeira safra de uvas sauvignon blanc e syrah. Formada em agronomia, pela UnB, a brasiliense Isabella Bonato, 30 [&hellip;]<\/p>\n","protected":false},"author":125,"featured_media":5347,"comment_status":"open","ping_status":"open","sticky":false,"template":"","format":"standard","meta":{"footnotes":""},"categories":[6],"tags":[],"class_list":["post-5339","post","type-post","status-publish","format-standard","has-post-thumbnail","hentry","category-coluna-capital-s-a"],"_links":{"self":[{"href":"https:\/\/blogs.correiobraziliense.com.br\/capital-sa\/wp-json\/wp\/v2\/posts\/5339","targetHints":{"allow":["GET"]}}],"collection":[{"href":"https:\/\/blogs.correiobraziliense.com.br\/capital-sa\/wp-json\/wp\/v2\/posts"}],"about":[{"href":"https:\/\/blogs.correiobraziliense.com.br\/capital-sa\/wp-json\/wp\/v2\/types\/post"}],"author":[{"embeddable":true,"href":"https:\/\/blogs.correiobraziliense.com.br\/capital-sa\/wp-json\/wp\/v2\/users\/125"}],"replies":[{"embeddable":true,"href":"https:\/\/blogs.correiobraziliense.com.br\/capital-sa\/wp-json\/wp\/v2\/comments?post=5339"}],"version-history":[{"count":4,"href":"https:\/\/blogs.correiobraziliense.com.br\/capital-sa\/wp-json\/wp\/v2\/posts\/5339\/revisions"}],"predecessor-version":[{"id":5345,"href":"https:\/\/blogs.correiobraziliense.com.br\/capital-sa\/wp-json\/wp\/v2\/posts\/5339\/revisions\/5345"}],"wp:featuredmedia":[{"embeddable":true,"href":"https:\/\/blogs.correiobraziliense.com.br\/capital-sa\/wp-json\/wp\/v2\/media\/5347"}],"wp:attachment":[{"href":"https:\/\/blogs.correiobraziliense.com.br\/capital-sa\/wp-json\/wp\/v2\/media?parent=5339"}],"wp:term":[{"taxonomy":"category","embeddable":true,"href":"https:\/\/blogs.correiobraziliense.com.br\/capital-sa\/wp-json\/wp\/v2\/categories?post=5339"},{"taxonomy":"post_tag","embeddable":true,"href":"https:\/\/blogs.correiobraziliense.com.br\/capital-sa\/wp-json\/wp\/v2\/tags?post=5339"}],"curies":[{"name":"wp","href":"https:\/\/api.w.org\/{rel}","templated":true}]}}