{"id":5316,"date":"2021-10-02T16:14:09","date_gmt":"2021-10-02T19:14:09","guid":{"rendered":"https:\/\/blogs.correiobraziliense.com.br\/capital-sa\/?p=5316"},"modified":"2021-10-02T16:17:35","modified_gmt":"2021-10-02T19:17:35","slug":"de-volta-as-rodas-de-choro","status":"publish","type":"post","link":"https:\/\/blogs.correiobraziliense.com.br\/capital-sa\/2021\/10\/02\/de-volta-as-rodas-de-choro\/","title":{"rendered":"De volta \u00e0s rodas de Choro"},"content":{"rendered":"<p class=\"p1\">A roda de choro \u00e9 um precioso \u201ccapital\u201d cultural\u00a0 que Brasilia tem. E, depois de um ano sem shows com a presen\u00e7a de p\u00fablico, o \u201cEsta\u00e7\u00e3o do Choro\u201d volta aos palcos da cidade com \u201cCartola encontra Waldir\u201d, um tributo aos mestres Cartola e Waldir Azevedo. O encontro acontece amanh\u00e3 (domingo), neste primeiro final de semana do Festival EON, no Parque Vibrar, na Arena do estacionamento do gin\u00e1sio Nilson Nelson, 19h30. Ingressos a R $20.<\/p>\n<p class=\"p1\"><span class=\"s2\"><b>M\u00fasicos convidados<\/b><\/span><\/p>\n<p><img loading=\"lazy\" decoding=\"async\" class=\"aligncenter size-medium wp-image-5324\" src=\"https:\/\/blogs.correiobraziliense.com.br\/capital-sa\/wp-content\/uploads\/sites\/59\/2021\/10\/C0C1A1CA-6A36-4A63-987A-9621288DCE42-300x200.jpeg\" alt=\"\" width=\"300\" height=\"200\" srcset=\"https:\/\/blogs.correiobraziliense.com.br\/capital-sa\/wp-content\/uploads\/sites\/59\/2021\/10\/C0C1A1CA-6A36-4A63-987A-9621288DCE42-300x200.jpeg 300w, https:\/\/blogs.correiobraziliense.com.br\/capital-sa\/wp-content\/uploads\/sites\/59\/2021\/10\/C0C1A1CA-6A36-4A63-987A-9621288DCE42-768x512.jpeg 768w, https:\/\/blogs.correiobraziliense.com.br\/capital-sa\/wp-content\/uploads\/sites\/59\/2021\/10\/C0C1A1CA-6A36-4A63-987A-9621288DCE42.jpeg 1024w, https:\/\/blogs.correiobraziliense.com.br\/capital-sa\/wp-content\/uploads\/sites\/59\/2021\/10\/C0C1A1CA-6A36-4A63-987A-9621288DCE42-800x534.jpeg 800w, https:\/\/blogs.correiobraziliense.com.br\/capital-sa\/wp-content\/uploads\/sites\/59\/2021\/10\/C0C1A1CA-6A36-4A63-987A-9621288DCE42-550x367.jpeg 550w, https:\/\/blogs.correiobraziliense.com.br\/capital-sa\/wp-content\/uploads\/sites\/59\/2021\/10\/C0C1A1CA-6A36-4A63-987A-9621288DCE42-230x153.jpeg 230w\" sizes=\"auto, (max-width: 300px) 100vw, 300px\" \/><\/p>\n<p class=\"p1\"><span class=\"s2\">Como convidados de Vin\u00edcius Vianna (viol\u00f5es) e Gabriel Carneiro (pandeiro), estar\u00e3o a cantora Ana Reis, o cavaquinista Nelsinho Serra e o percussionista Junior Viegas.<span class=\"Apple-converted-space\"><br \/>\n<\/span><\/span><\/p>\n<p class=\"p1\"><span class=\"s2\">E o que Cartola tem a ver com Waldir Azevedo? Tudo. Assim como choro e samba. O primeiro disco de Cartola, lan\u00e7ado em 1974, que leva o nome do sambista, foi gravado com a tradicional forma\u00e7\u00e3o dos regionais de choro e a presen\u00e7a de \u00edcones do g\u00eanero como Dino 7 cordas. <\/span><\/p>\n","protected":false},"excerpt":{"rendered":"<p>A roda de choro \u00e9 um precioso \u201ccapital\u201d cultural\u00a0 que Brasilia tem. E, depois de um ano sem shows com a presen\u00e7a de p\u00fablico, o \u201cEsta\u00e7\u00e3o do Choro\u201d volta aos palcos da cidade com \u201cCartola encontra Waldir\u201d, um tributo aos mestres Cartola e Waldir Azevedo. O encontro acontece amanh\u00e3 (domingo), neste primeiro final de semana do Festival EON, no Parque [&hellip;]<\/p>\n","protected":false},"author":125,"featured_media":5320,"comment_status":"open","ping_status":"open","sticky":false,"template":"","format":"standard","meta":{"footnotes":""},"categories":[6],"tags":[],"class_list":["post-5316","post","type-post","status-publish","format-standard","has-post-thumbnail","hentry","category-coluna-capital-s-a"],"_links":{"self":[{"href":"https:\/\/blogs.correiobraziliense.com.br\/capital-sa\/wp-json\/wp\/v2\/posts\/5316","targetHints":{"allow":["GET"]}}],"collection":[{"href":"https:\/\/blogs.correiobraziliense.com.br\/capital-sa\/wp-json\/wp\/v2\/posts"}],"about":[{"href":"https:\/\/blogs.correiobraziliense.com.br\/capital-sa\/wp-json\/wp\/v2\/types\/post"}],"author":[{"embeddable":true,"href":"https:\/\/blogs.correiobraziliense.com.br\/capital-sa\/wp-json\/wp\/v2\/users\/125"}],"replies":[{"embeddable":true,"href":"https:\/\/blogs.correiobraziliense.com.br\/capital-sa\/wp-json\/wp\/v2\/comments?post=5316"}],"version-history":[{"count":7,"href":"https:\/\/blogs.correiobraziliense.com.br\/capital-sa\/wp-json\/wp\/v2\/posts\/5316\/revisions"}],"predecessor-version":[{"id":5325,"href":"https:\/\/blogs.correiobraziliense.com.br\/capital-sa\/wp-json\/wp\/v2\/posts\/5316\/revisions\/5325"}],"wp:featuredmedia":[{"embeddable":true,"href":"https:\/\/blogs.correiobraziliense.com.br\/capital-sa\/wp-json\/wp\/v2\/media\/5320"}],"wp:attachment":[{"href":"https:\/\/blogs.correiobraziliense.com.br\/capital-sa\/wp-json\/wp\/v2\/media?parent=5316"}],"wp:term":[{"taxonomy":"category","embeddable":true,"href":"https:\/\/blogs.correiobraziliense.com.br\/capital-sa\/wp-json\/wp\/v2\/categories?post=5316"},{"taxonomy":"post_tag","embeddable":true,"href":"https:\/\/blogs.correiobraziliense.com.br\/capital-sa\/wp-json\/wp\/v2\/tags?post=5316"}],"curies":[{"name":"wp","href":"https:\/\/api.w.org\/{rel}","templated":true}]}}