{"id":5292,"date":"2021-09-30T18:10:16","date_gmt":"2021-09-30T21:10:16","guid":{"rendered":"https:\/\/blogs.correiobraziliense.com.br\/capital-sa\/?p=5292"},"modified":"2021-09-30T18:14:52","modified_gmt":"2021-09-30T21:14:52","slug":"lei-do-salao-parceiro-sera-julgada-pelo-stf","status":"publish","type":"post","link":"https:\/\/blogs.correiobraziliense.com.br\/capital-sa\/2021\/09\/30\/lei-do-salao-parceiro-sera-julgada-pelo-stf\/","title":{"rendered":"Lei do Sal\u00e3o Parceiro ser\u00e1 julgada pelo STF"},"content":{"rendered":"<p><b>Por Samanta Sallum<br \/>\n<\/b><br \/>\nO STF vai julgar, em <a href=\"\/\/1\">21 de outubro<\/a>, a validade da Lei 13.352\/2016, a Lei do Sal\u00e3o Parceiro, que permite parcerias entre o sal\u00e3o e os profissionais que desempenham atividades de cabeleireiro, barbeiro, esteticista, manicure, pedicure, depilador e maquiador. Se ela for julgada inconstitucional, mais de 500 mil postos de trabalho est\u00e3o em risco no pa\u00eds.<\/p>\n<p><b>Fechamento na pandemia<\/b><\/p>\n<p>No Distrito Federal, um em cada quatro sal\u00f5es de beleza e barbearias fechou as portas durante a pandemia. Sem a Lei do Sal\u00e3o Parceiro, mais desses estabelecimentos ser\u00e3o prejudicados.<\/p>\n<p><b>Menos informalidade<\/b><\/p>\n<p>A atual legisla\u00e7\u00e3o tem promovido a diminui\u00e7\u00e3o da informalidade dos profissionais dos sal\u00f5es, pois permite que agora eles prestem servi\u00e7os por meio de Microempreendedor Individual (MEI), acarretando maior liberdade e independ\u00eancia.<\/p>\n<p><b>Audi\u00eancia p\u00fablica<br \/>\n<\/b><br \/>\nEm <a href=\"\/\/2\">6 de outubro, \u00e0s 10h<\/a>, a deputada distrital J\u00falia Lucy (Novo) vai realizar uma audi\u00eancia p\u00fablica com o setor para discutir os impactos da ADI sobre os empres\u00e1rios e trabalhadores, e as medidas poss\u00edveis para garantir a preserva\u00e7\u00e3o de emprego e renda, al\u00e9m de novas oportunidades para o setor.<\/p>\n","protected":false},"excerpt":{"rendered":"<p>Por Samanta Sallum O STF vai julgar, em 21 de outubro, a validade da Lei 13.352\/2016, a Lei do Sal\u00e3o Parceiro, que permite parcerias entre o sal\u00e3o e os profissionais que desempenham atividades de cabeleireiro, barbeiro, esteticista, manicure, pedicure, depilador e maquiador. Se ela for julgada inconstitucional, mais de 500 mil postos de trabalho est\u00e3o em risco no pa\u00eds. Fechamento [&hellip;]<\/p>\n","protected":false},"author":125,"featured_media":5295,"comment_status":"open","ping_status":"open","sticky":false,"template":"","format":"standard","meta":{"footnotes":""},"categories":[6],"tags":[],"class_list":["post-5292","post","type-post","status-publish","format-standard","has-post-thumbnail","hentry","category-coluna-capital-s-a"],"_links":{"self":[{"href":"https:\/\/blogs.correiobraziliense.com.br\/capital-sa\/wp-json\/wp\/v2\/posts\/5292","targetHints":{"allow":["GET"]}}],"collection":[{"href":"https:\/\/blogs.correiobraziliense.com.br\/capital-sa\/wp-json\/wp\/v2\/posts"}],"about":[{"href":"https:\/\/blogs.correiobraziliense.com.br\/capital-sa\/wp-json\/wp\/v2\/types\/post"}],"author":[{"embeddable":true,"href":"https:\/\/blogs.correiobraziliense.com.br\/capital-sa\/wp-json\/wp\/v2\/users\/125"}],"replies":[{"embeddable":true,"href":"https:\/\/blogs.correiobraziliense.com.br\/capital-sa\/wp-json\/wp\/v2\/comments?post=5292"}],"version-history":[{"count":3,"href":"https:\/\/blogs.correiobraziliense.com.br\/capital-sa\/wp-json\/wp\/v2\/posts\/5292\/revisions"}],"predecessor-version":[{"id":5296,"href":"https:\/\/blogs.correiobraziliense.com.br\/capital-sa\/wp-json\/wp\/v2\/posts\/5292\/revisions\/5296"}],"wp:featuredmedia":[{"embeddable":true,"href":"https:\/\/blogs.correiobraziliense.com.br\/capital-sa\/wp-json\/wp\/v2\/media\/5295"}],"wp:attachment":[{"href":"https:\/\/blogs.correiobraziliense.com.br\/capital-sa\/wp-json\/wp\/v2\/media?parent=5292"}],"wp:term":[{"taxonomy":"category","embeddable":true,"href":"https:\/\/blogs.correiobraziliense.com.br\/capital-sa\/wp-json\/wp\/v2\/categories?post=5292"},{"taxonomy":"post_tag","embeddable":true,"href":"https:\/\/blogs.correiobraziliense.com.br\/capital-sa\/wp-json\/wp\/v2\/tags?post=5292"}],"curies":[{"name":"wp","href":"https:\/\/api.w.org\/{rel}","templated":true}]}}