{"id":5288,"date":"2021-09-30T08:41:02","date_gmt":"2021-09-30T11:41:02","guid":{"rendered":"https:\/\/blogs.correiobraziliense.com.br\/capital-sa\/?p=5288"},"modified":"2021-09-30T02:41:57","modified_gmt":"2021-09-30T05:41:57","slug":"df-sobe-no-indicador-empreendedorismo-em-pesquisa-nacional-da-industria","status":"publish","type":"post","link":"https:\/\/blogs.correiobraziliense.com.br\/capital-sa\/2021\/09\/30\/df-sobe-no-indicador-empreendedorismo-em-pesquisa-nacional-da-industria\/","title":{"rendered":"DF sobe no indicador Empreendedorismo em pesquisa nacional da ind\u00fastria"},"content":{"rendered":"<p>Por Samanta Sallum<\/p>\n<p>A terceira edi\u00e7\u00e3o do \u00cdndice de Inova\u00e7\u00e3o dos Estados, realizado pelo Observat\u00f3rio da Ind\u00fastria, da Federa\u00e7\u00e3o do Estado do Cear\u00e1 (Fiec)com apoio da ABDI, revela como est\u00e1 o n\u00edvel do setor em cinco regi\u00f5es brasileiras. O Distrito Federal ficou na 7\u00aa posi\u00e7\u00e3o no ranking nacional, situando-se em 1\u00ba lugar na Regi\u00e3o Centro-Oeste.<\/p>\n<p>Em rela\u00e7\u00e3o \u00e0 edi\u00e7\u00e3o anterior, manteve-se na mesma posi\u00e7\u00e3o tanto no ranking nacional como no regional. No indicador Empreendedorismo, subiu de 11\u00ba para 7\u00ba; e de Investimento P\u00fablico em C&amp;T, de 9\u00ba para 7\u00ba.<\/p>\n<p><b>B\u00fassola para o desenvolvimento<br \/>\n<\/b><br \/>\nO \u00edndice funciona como uma b\u00fassola e tem potencial para nortear os estados a tra\u00e7ar a\u00e7\u00f5es ainda mais estrat\u00e9gicas para fomentar o desenvolvimento. S\u00e3o Paulo foi, mais uma vez, o estado mais inovador do Brasil. Santa Catarina e Rio Grande do Sul aparecem na segunda e terceira coloca\u00e7\u00f5es, respectivamente. Esp\u00edrito Santo e Maranh\u00e3o foram os estados que mais cresceram no ranking.<\/p>\n<p><b>Destaque em capital humano<\/b><\/p>\n<p>Na dimens\u00e3o Capacidades, o levantamento aponta que o Distrito Federal tem um grande potencial paraser revertido em resultados mais promissores. Os melhores foram conquistados nos indicadores de Infraestrutura, de Inser\u00e7\u00e3o de Mestres e Doutores e de Capital Humano \u2014P\u00f3s-Gradua\u00e7\u00e3o, ficando nesse quesito no top 5 nacional e na 1\u00aa coloca\u00e7\u00e3o do Centro-Oeste.<\/p>\n","protected":false},"excerpt":{"rendered":"<p>Por Samanta Sallum A terceira edi\u00e7\u00e3o do \u00cdndice de Inova\u00e7\u00e3o dos Estados, realizado pelo Observat\u00f3rio da Ind\u00fastria, da Federa\u00e7\u00e3o do Estado do Cear\u00e1 (Fiec)com apoio da ABDI, revela como est\u00e1 o n\u00edvel do setor em cinco regi\u00f5es brasileiras. O Distrito Federal ficou na 7\u00aa posi\u00e7\u00e3o no ranking nacional, situando-se em 1\u00ba lugar na Regi\u00e3o Centro-Oeste. Em rela\u00e7\u00e3o \u00e0 edi\u00e7\u00e3o anterior, [&hellip;]<\/p>\n","protected":false},"author":125,"featured_media":5291,"comment_status":"open","ping_status":"open","sticky":false,"template":"","format":"standard","meta":{"footnotes":""},"categories":[6],"tags":[],"class_list":["post-5288","post","type-post","status-publish","format-standard","has-post-thumbnail","hentry","category-coluna-capital-s-a"],"_links":{"self":[{"href":"https:\/\/blogs.correiobraziliense.com.br\/capital-sa\/wp-json\/wp\/v2\/posts\/5288","targetHints":{"allow":["GET"]}}],"collection":[{"href":"https:\/\/blogs.correiobraziliense.com.br\/capital-sa\/wp-json\/wp\/v2\/posts"}],"about":[{"href":"https:\/\/blogs.correiobraziliense.com.br\/capital-sa\/wp-json\/wp\/v2\/types\/post"}],"author":[{"embeddable":true,"href":"https:\/\/blogs.correiobraziliense.com.br\/capital-sa\/wp-json\/wp\/v2\/users\/125"}],"replies":[{"embeddable":true,"href":"https:\/\/blogs.correiobraziliense.com.br\/capital-sa\/wp-json\/wp\/v2\/comments?post=5288"}],"version-history":[{"count":2,"href":"https:\/\/blogs.correiobraziliense.com.br\/capital-sa\/wp-json\/wp\/v2\/posts\/5288\/revisions"}],"predecessor-version":[{"id":5290,"href":"https:\/\/blogs.correiobraziliense.com.br\/capital-sa\/wp-json\/wp\/v2\/posts\/5288\/revisions\/5290"}],"wp:featuredmedia":[{"embeddable":true,"href":"https:\/\/blogs.correiobraziliense.com.br\/capital-sa\/wp-json\/wp\/v2\/media\/5291"}],"wp:attachment":[{"href":"https:\/\/blogs.correiobraziliense.com.br\/capital-sa\/wp-json\/wp\/v2\/media?parent=5288"}],"wp:term":[{"taxonomy":"category","embeddable":true,"href":"https:\/\/blogs.correiobraziliense.com.br\/capital-sa\/wp-json\/wp\/v2\/categories?post=5288"},{"taxonomy":"post_tag","embeddable":true,"href":"https:\/\/blogs.correiobraziliense.com.br\/capital-sa\/wp-json\/wp\/v2\/tags?post=5288"}],"curies":[{"name":"wp","href":"https:\/\/api.w.org\/{rel}","templated":true}]}}