{"id":5270,"date":"2021-09-28T04:00:11","date_gmt":"2021-09-28T07:00:11","guid":{"rendered":"https:\/\/blogs.correiobraziliense.com.br\/capital-sa\/?p=5270"},"modified":"2021-09-28T04:00:11","modified_gmt":"2021-09-28T07:00:11","slug":"forum-nacional-do-comercio-reune-lojistas-e-autoridades-para-debater-o-pos-pandemia","status":"publish","type":"post","link":"https:\/\/blogs.correiobraziliense.com.br\/capital-sa\/2021\/09\/28\/forum-nacional-do-comercio-reune-lojistas-e-autoridades-para-debater-o-pos-pandemia\/","title":{"rendered":"F\u00f3rum Nacional do Com\u00e9rcio re\u00fane lojistas e autoridades para debater o p\u00f3s-pandemia"},"content":{"rendered":"<p class=\"p1\">Por Samanta Sallum<\/p>\n<p class=\"p1\"><span class=\"s1\">Come\u00e7a hoje o V F\u00f3rum Nacional do Com\u00e9rcio, cujo tema ser\u00e1 \u201cTransforma\u00e7\u00f5es: Pol\u00edtica e Com\u00e9rcio p\u00f3s-pandemia\u201d. O evento, no Royal Tulip, vai reunir presencialmente e on-line lojistas de todo o Brasil entre hoje e amanh\u00e3. Diversos empres\u00e1rios e autoridades participar\u00e3o. Entre eles, o secret\u00e1rio geral da presid\u00eancia , \u00d4nix Lorenzoni ; o ministro da Economia, Paulo Guedes; a ministra da Secretaria do Governo, Fl\u00e1via Arruda; o presidente do Sebrae Nacional, Carlos Melles; os deputados Efraim Filho (DEM-PB), presidente da Frente Parlamentar do Com\u00e9rcio, Servi\u00e7os e Empreendedorismo (FCS), e Darci de Mattos (PSD-SC), relator da PEC \u00a032\/20 na CCJ da C\u00e2mara dos Deputados; a deputada Bia Kicis (PLS-DF), \u00a0presidente da CCJ; o senador Roberto Rocha, relator da Reforma Tribut\u00e1ria no Senado, a PEC 110\/19, entre outros representantes do governo federal. \u00a0<\/span><\/p>\n<p class=\"p1\"><b><span class=\"s1\">Digitaliza\u00e7\u00e3o e<br \/>\n<\/span>acesso ao cr\u00e9dito<\/b><\/p>\n<p class=\"p1\">O F\u00f3rum \u00e9 organizado pela Confedera\u00e7\u00e3o Nacional dos Dirigentes Lojistas (CNDL) e n\u00e3o ocorria h\u00e1 2 anos.<\/p>\n<p class=\"p1\"><span class=\"s1\">\u201cAcreditamos que estamos em um novo momento. Queremos buscar solu\u00e7\u00f5es que agilizem o processo de digitaliza\u00e7\u00e3o do com\u00e9rcio e servi\u00e7os, alternativas de maior acesso ao cr\u00e9dito para o desenvolvimento do setor e pol\u00edticas p\u00fablicas que garantam a adapta\u00e7\u00e3o dos pequenos e m\u00e9dios empres\u00e1rios para essa nova realidade\u201d, explicou O presidente da CNDL, Jos\u00e9 C\u00e9sar da Costa.<\/span><\/p>\n<p class=\"p1\"><span class=\"s1\"><b>Presen\u00e7as<\/b><\/span><\/p>\n<p class=\"p1\"><span class=\"s1\">O evento contar\u00e1 ainda com a VP de Marketing Global e Inova\u00e7\u00e3o da Alpargatas, Fernanda Romano; a CEO do Radar Governamental, Juliana Celuppi; a presidente da Abrig, Carolina Venuto; a presidente do IRELGOV, Suelma Rosa; o especialista em Varejo Marcos Gouv\u00eaa, o presidente do SPC Brasil.<\/span><\/p>\n<p class=\"p1\"><span class=\"s1\">O secret\u00e1rio de Desenvolvimento Econ\u00f4mico do DF, M\u00e1rcio Farias J\u00fanior, abrir\u00e1 o f\u00f3rum. <\/span><\/p>\n<p class=\"p1\"><span class=\"s1\"><b>Mais seguran\u00e7a jur\u00eddica<\/b><\/span><\/p>\n<p class=\"p1\"><span class=\"s1\">\u201cA expectativa \u00e9 a melhor poss\u00edvel. \u00c9 uma oportunidade de discutir os assuntos do dia a dia de lojistas e com\u00e9rcios, bem como suas perspectivas. A gente espera que o lojista fique mais animado com as proposituras apresentadas. Infelizmente, tivemos um aumento de pre\u00e7o generalizado n\u00e3o s\u00f3 no Brasil, mas no mundo inteiro, de commodities que est\u00e1 causando infla\u00e7\u00e3o. O que mais precisamos \u00e9 de seguran\u00e7a jur\u00eddica para o ambiente de neg\u00f3cios\u201d, aponta o presidente da CDL\/DF, Wagner Silveira.<\/span><\/p>\n","protected":false},"excerpt":{"rendered":"<p>Por Samanta Sallum Come\u00e7a hoje o V F\u00f3rum Nacional do Com\u00e9rcio, cujo tema ser\u00e1 \u201cTransforma\u00e7\u00f5es: Pol\u00edtica e Com\u00e9rcio p\u00f3s-pandemia\u201d. O evento, no Royal Tulip, vai reunir presencialmente e on-line lojistas de todo o Brasil entre hoje e amanh\u00e3. Diversos empres\u00e1rios e autoridades participar\u00e3o. Entre eles, o secret\u00e1rio geral da presid\u00eancia , \u00d4nix Lorenzoni ; o ministro da Economia, Paulo Guedes; [&hellip;]<\/p>\n","protected":false},"author":125,"featured_media":5277,"comment_status":"open","ping_status":"open","sticky":false,"template":"","format":"standard","meta":{"footnotes":""},"categories":[6],"tags":[],"class_list":["post-5270","post","type-post","status-publish","format-standard","has-post-thumbnail","hentry","category-coluna-capital-s-a"],"_links":{"self":[{"href":"https:\/\/blogs.correiobraziliense.com.br\/capital-sa\/wp-json\/wp\/v2\/posts\/5270","targetHints":{"allow":["GET"]}}],"collection":[{"href":"https:\/\/blogs.correiobraziliense.com.br\/capital-sa\/wp-json\/wp\/v2\/posts"}],"about":[{"href":"https:\/\/blogs.correiobraziliense.com.br\/capital-sa\/wp-json\/wp\/v2\/types\/post"}],"author":[{"embeddable":true,"href":"https:\/\/blogs.correiobraziliense.com.br\/capital-sa\/wp-json\/wp\/v2\/users\/125"}],"replies":[{"embeddable":true,"href":"https:\/\/blogs.correiobraziliense.com.br\/capital-sa\/wp-json\/wp\/v2\/comments?post=5270"}],"version-history":[{"count":6,"href":"https:\/\/blogs.correiobraziliense.com.br\/capital-sa\/wp-json\/wp\/v2\/posts\/5270\/revisions"}],"predecessor-version":[{"id":5278,"href":"https:\/\/blogs.correiobraziliense.com.br\/capital-sa\/wp-json\/wp\/v2\/posts\/5270\/revisions\/5278"}],"wp:featuredmedia":[{"embeddable":true,"href":"https:\/\/blogs.correiobraziliense.com.br\/capital-sa\/wp-json\/wp\/v2\/media\/5277"}],"wp:attachment":[{"href":"https:\/\/blogs.correiobraziliense.com.br\/capital-sa\/wp-json\/wp\/v2\/media?parent=5270"}],"wp:term":[{"taxonomy":"category","embeddable":true,"href":"https:\/\/blogs.correiobraziliense.com.br\/capital-sa\/wp-json\/wp\/v2\/categories?post=5270"},{"taxonomy":"post_tag","embeddable":true,"href":"https:\/\/blogs.correiobraziliense.com.br\/capital-sa\/wp-json\/wp\/v2\/tags?post=5270"}],"curies":[{"name":"wp","href":"https:\/\/api.w.org\/{rel}","templated":true}]}}