{"id":5208,"date":"2021-09-23T18:08:24","date_gmt":"2021-09-23T21:08:24","guid":{"rendered":"https:\/\/blogs.correiobraziliense.com.br\/capital-sa\/?p=5208"},"modified":"2021-09-23T18:08:35","modified_gmt":"2021-09-23T21:08:35","slug":"fila-de-espera-por-ar-condicionado-na-capital-federal","status":"publish","type":"post","link":"https:\/\/blogs.correiobraziliense.com.br\/capital-sa\/2021\/09\/23\/fila-de-espera-por-ar-condicionado-na-capital-federal\/","title":{"rendered":"Fila de espera por ar-condicionado na capital federal"},"content":{"rendered":"<p class=\"p1\">Por Samanta Sallum<\/p>\n<p class=\"p1\">As vendas est\u00e3o subindo junto com os term\u00f4metros. Com o calor na faixa dos 37 graus, a procura por aparelhos de ar refrigerado cresceu 60% na maioria das lojas especializadas de Bras\u00edlia. Em algumas delas, h\u00e1 lista de espera.<\/p>\n<p class=\"p1\">O vice-presidente do Sindicato do Com\u00e9rcio Varejista do DF, Sebasti\u00e3o Abritta, disse \u00e0 coluna que at\u00e9 meados de agosto a expans\u00e3o era de 20% a 30%. Na medida em que o calor cresceu, aumentaram as vendas. Ainda bem que h\u00e1 previs\u00e3o de chuvas no horizonte do pr\u00f3ximo fim de semana.<\/p>\n","protected":false},"excerpt":{"rendered":"<p>Por Samanta Sallum As vendas est\u00e3o subindo junto com os term\u00f4metros. Com o calor na faixa dos 37 graus, a procura por aparelhos de ar refrigerado cresceu 60% na maioria das lojas especializadas de Bras\u00edlia. Em algumas delas, h\u00e1 lista de espera. O vice-presidente do Sindicato do Com\u00e9rcio Varejista do DF, Sebasti\u00e3o Abritta, disse \u00e0 coluna que at\u00e9 meados de [&hellip;]<\/p>\n","protected":false},"author":125,"featured_media":5211,"comment_status":"open","ping_status":"open","sticky":false,"template":"","format":"standard","meta":{"footnotes":""},"categories":[6],"tags":[],"class_list":["post-5208","post","type-post","status-publish","format-standard","has-post-thumbnail","hentry","category-coluna-capital-s-a"],"_links":{"self":[{"href":"https:\/\/blogs.correiobraziliense.com.br\/capital-sa\/wp-json\/wp\/v2\/posts\/5208","targetHints":{"allow":["GET"]}}],"collection":[{"href":"https:\/\/blogs.correiobraziliense.com.br\/capital-sa\/wp-json\/wp\/v2\/posts"}],"about":[{"href":"https:\/\/blogs.correiobraziliense.com.br\/capital-sa\/wp-json\/wp\/v2\/types\/post"}],"author":[{"embeddable":true,"href":"https:\/\/blogs.correiobraziliense.com.br\/capital-sa\/wp-json\/wp\/v2\/users\/125"}],"replies":[{"embeddable":true,"href":"https:\/\/blogs.correiobraziliense.com.br\/capital-sa\/wp-json\/wp\/v2\/comments?post=5208"}],"version-history":[{"count":2,"href":"https:\/\/blogs.correiobraziliense.com.br\/capital-sa\/wp-json\/wp\/v2\/posts\/5208\/revisions"}],"predecessor-version":[{"id":5210,"href":"https:\/\/blogs.correiobraziliense.com.br\/capital-sa\/wp-json\/wp\/v2\/posts\/5208\/revisions\/5210"}],"wp:featuredmedia":[{"embeddable":true,"href":"https:\/\/blogs.correiobraziliense.com.br\/capital-sa\/wp-json\/wp\/v2\/media\/5211"}],"wp:attachment":[{"href":"https:\/\/blogs.correiobraziliense.com.br\/capital-sa\/wp-json\/wp\/v2\/media?parent=5208"}],"wp:term":[{"taxonomy":"category","embeddable":true,"href":"https:\/\/blogs.correiobraziliense.com.br\/capital-sa\/wp-json\/wp\/v2\/categories?post=5208"},{"taxonomy":"post_tag","embeddable":true,"href":"https:\/\/blogs.correiobraziliense.com.br\/capital-sa\/wp-json\/wp\/v2\/tags?post=5208"}],"curies":[{"name":"wp","href":"https:\/\/api.w.org\/{rel}","templated":true}]}}