{"id":5200,"date":"2021-09-23T12:35:16","date_gmt":"2021-09-23T15:35:16","guid":{"rendered":"https:\/\/blogs.correiobraziliense.com.br\/capital-sa\/?p=5200"},"modified":"2021-09-23T12:44:59","modified_gmt":"2021-09-23T15:44:59","slug":"um-ano-de-coluna","status":"publish","type":"post","link":"https:\/\/blogs.correiobraziliense.com.br\/capital-sa\/2021\/09\/23\/um-ano-de-coluna\/","title":{"rendered":"Um ano de coluna!"},"content":{"rendered":"<p>Por Samanta Sallum<\/p>\n<p>Setembro \u00e9 um m\u00eas especial para o DF. \u00c9 nele que celebramos a semana do Cerrado, o dia do Candango e o anivers\u00e1rio de nascimento de JK. E junto com a chegada oficial da primavera, a coluna Capital S\/A marca um ano de conte\u00fado publicado, de segunda a sexta, no jornal impresso e digital e tamb\u00e9m aqui no blog. Um projeto que foi idealizado para divulgar o empreendedorismo que d\u00e1 vida \u00e0 capital federal.<\/p>\n<p>A estreia foi em plena pandemia, num momento de incertezas, e de dificuldades para todos e para o setor produtivo. Bares e restaurantes fechados, restri\u00e7\u00f5es em hor\u00e1rio dos shoppings, home office, desemprego e a expectativa pela vacina\u00e7\u00e3o. Neste ano que se passou, contamos aqui a hist\u00f3ria de muitos empreendedores que superaram a crise e se reinventaram.<\/p>\n<p>Um setor que gera empregos, arrecada impostos e contribui para o desenvolvimento econ\u00f4mico e sustent\u00e1vel. Aqui o setor produtivo interage com o setor p\u00fablico e a sociedade na busca de um futuro promissor para Bras\u00edlia.<\/p>\n<p>\u00c9 preciso abrir caminhos e avan\u00e7ar. Vamos pensar nisso ? Em breve, estaremos debatendo mais sobre o tema . Participe! Agradecemos a todos que participam, acompanham e prestigiam este espa\u00e7o !<\/p>\n","protected":false},"excerpt":{"rendered":"<p>Por Samanta Sallum Setembro \u00e9 um m\u00eas especial para o DF. \u00c9 nele que celebramos a semana do Cerrado, o dia do Candango e o anivers\u00e1rio de nascimento de JK. E junto com a chegada oficial da primavera, a coluna Capital S\/A marca um ano de conte\u00fado publicado, de segunda a sexta, no jornal impresso e digital e tamb\u00e9m aqui [&hellip;]<\/p>\n","protected":false},"author":125,"featured_media":5203,"comment_status":"open","ping_status":"open","sticky":false,"template":"","format":"standard","meta":{"footnotes":""},"categories":[6],"tags":[],"class_list":["post-5200","post","type-post","status-publish","format-standard","has-post-thumbnail","hentry","category-coluna-capital-s-a"],"_links":{"self":[{"href":"https:\/\/blogs.correiobraziliense.com.br\/capital-sa\/wp-json\/wp\/v2\/posts\/5200","targetHints":{"allow":["GET"]}}],"collection":[{"href":"https:\/\/blogs.correiobraziliense.com.br\/capital-sa\/wp-json\/wp\/v2\/posts"}],"about":[{"href":"https:\/\/blogs.correiobraziliense.com.br\/capital-sa\/wp-json\/wp\/v2\/types\/post"}],"author":[{"embeddable":true,"href":"https:\/\/blogs.correiobraziliense.com.br\/capital-sa\/wp-json\/wp\/v2\/users\/125"}],"replies":[{"embeddable":true,"href":"https:\/\/blogs.correiobraziliense.com.br\/capital-sa\/wp-json\/wp\/v2\/comments?post=5200"}],"version-history":[{"count":6,"href":"https:\/\/blogs.correiobraziliense.com.br\/capital-sa\/wp-json\/wp\/v2\/posts\/5200\/revisions"}],"predecessor-version":[{"id":5207,"href":"https:\/\/blogs.correiobraziliense.com.br\/capital-sa\/wp-json\/wp\/v2\/posts\/5200\/revisions\/5207"}],"wp:featuredmedia":[{"embeddable":true,"href":"https:\/\/blogs.correiobraziliense.com.br\/capital-sa\/wp-json\/wp\/v2\/media\/5203"}],"wp:attachment":[{"href":"https:\/\/blogs.correiobraziliense.com.br\/capital-sa\/wp-json\/wp\/v2\/media?parent=5200"}],"wp:term":[{"taxonomy":"category","embeddable":true,"href":"https:\/\/blogs.correiobraziliense.com.br\/capital-sa\/wp-json\/wp\/v2\/categories?post=5200"},{"taxonomy":"post_tag","embeddable":true,"href":"https:\/\/blogs.correiobraziliense.com.br\/capital-sa\/wp-json\/wp\/v2\/tags?post=5200"}],"curies":[{"name":"wp","href":"https:\/\/api.w.org\/{rel}","templated":true}]}}