{"id":515,"date":"2020-11-09T08:00:58","date_gmt":"2020-11-09T11:00:58","guid":{"rendered":"https:\/\/blogs.correiobraziliense.com.br\/capital-sa\/?p=515"},"modified":"2020-11-08T21:56:10","modified_gmt":"2020-11-09T00:56:10","slug":"pilulas-digitais","status":"publish","type":"post","link":"https:\/\/blogs.correiobraziliense.com.br\/capital-sa\/2020\/11\/09\/pilulas-digitais\/","title":{"rendered":"P\u00edlulas digitais"},"content":{"rendered":"<p>O Comit\u00ea Empreendedorismo do Grupo Mulheres do Brasil N\u00facleo Bras\u00edlia\/DF lan\u00e7ou uma s\u00e9rie de p\u00edlulas digitais com dicas para a mulher empreendedora. Toda segunda-feira s\u00e3o publicadas pelas redes sociais do Grupo. A a\u00e7\u00e3o faz parte da programa\u00e7\u00e3o do Dia Mundial do Empreendedorismo Feminino, comemorado em 19 de novembro.<\/p>\n<p><strong>De mulher para mulher<\/strong><\/p>\n<p>O objetivo \u00e9 levar orienta\u00e7\u00f5es para auxiliar a mulher que deseja abrir um neg\u00f3cio ou j\u00e1 tem e precisa ampli\u00e1-lo. O comit\u00ea \u00e9 liderado por Ana Rodrigues, Andrea Andrade, Maria Senna, Juliana K\u00e4mpf e Renata La Porta.<\/p>\n","protected":false},"excerpt":{"rendered":"<p>O Comit\u00ea Empreendedorismo do Grupo Mulheres do Brasil N\u00facleo Bras\u00edlia\/DF lan\u00e7ou uma s\u00e9rie de p\u00edlulas digitais com dicas para a mulher empreendedora. Toda segunda-feira s\u00e3o publicadas pelas redes sociais do Grupo. A a\u00e7\u00e3o faz parte da programa\u00e7\u00e3o do Dia Mundial do Empreendedorismo Feminino, comemorado em 19 de novembro. De mulher para mulher O objetivo \u00e9 levar orienta\u00e7\u00f5es para auxiliar a [&hellip;]<\/p>\n","protected":false},"author":125,"featured_media":516,"comment_status":"open","ping_status":"open","sticky":false,"template":"","format":"standard","meta":{"footnotes":""},"categories":[6],"tags":[],"class_list":["post-515","post","type-post","status-publish","format-standard","has-post-thumbnail","hentry","category-coluna-capital-s-a"],"_links":{"self":[{"href":"https:\/\/blogs.correiobraziliense.com.br\/capital-sa\/wp-json\/wp\/v2\/posts\/515","targetHints":{"allow":["GET"]}}],"collection":[{"href":"https:\/\/blogs.correiobraziliense.com.br\/capital-sa\/wp-json\/wp\/v2\/posts"}],"about":[{"href":"https:\/\/blogs.correiobraziliense.com.br\/capital-sa\/wp-json\/wp\/v2\/types\/post"}],"author":[{"embeddable":true,"href":"https:\/\/blogs.correiobraziliense.com.br\/capital-sa\/wp-json\/wp\/v2\/users\/125"}],"replies":[{"embeddable":true,"href":"https:\/\/blogs.correiobraziliense.com.br\/capital-sa\/wp-json\/wp\/v2\/comments?post=515"}],"version-history":[{"count":1,"href":"https:\/\/blogs.correiobraziliense.com.br\/capital-sa\/wp-json\/wp\/v2\/posts\/515\/revisions"}],"predecessor-version":[{"id":517,"href":"https:\/\/blogs.correiobraziliense.com.br\/capital-sa\/wp-json\/wp\/v2\/posts\/515\/revisions\/517"}],"wp:featuredmedia":[{"embeddable":true,"href":"https:\/\/blogs.correiobraziliense.com.br\/capital-sa\/wp-json\/wp\/v2\/media\/516"}],"wp:attachment":[{"href":"https:\/\/blogs.correiobraziliense.com.br\/capital-sa\/wp-json\/wp\/v2\/media?parent=515"}],"wp:term":[{"taxonomy":"category","embeddable":true,"href":"https:\/\/blogs.correiobraziliense.com.br\/capital-sa\/wp-json\/wp\/v2\/categories?post=515"},{"taxonomy":"post_tag","embeddable":true,"href":"https:\/\/blogs.correiobraziliense.com.br\/capital-sa\/wp-json\/wp\/v2\/tags?post=515"}],"curies":[{"name":"wp","href":"https:\/\/api.w.org\/{rel}","templated":true}]}}