{"id":5135,"date":"2021-09-20T21:43:55","date_gmt":"2021-09-21T00:43:55","guid":{"rendered":"https:\/\/blogs.correiobraziliense.com.br\/capital-sa\/?p=5135"},"modified":"2021-09-20T21:45:26","modified_gmt":"2021-09-21T00:45:26","slug":"mudancas-no-consorcio-brasil-central","status":"publish","type":"post","link":"https:\/\/blogs.correiobraziliense.com.br\/capital-sa\/2021\/09\/20\/mudancas-no-consorcio-brasil-central\/","title":{"rendered":"Mudan\u00e7as no Cons\u00f3rcio  Brasil Central"},"content":{"rendered":"<p class=\"p1\">Por Samanta Sallum<\/p>\n<p class=\"p1\"><span class=\"s1\">O vice-governador, Paco Britto, est\u00e1 deixando a coordena\u00e7\u00e3o do Cons\u00f3rcio Brasil Central que re\u00fane al\u00e9m do DF, os estados de Goi\u00e1s, Maranh\u00e3o, Mato Grosso, Mato Grosso do Sul, Rond\u00f4nia e Tocantins. Britto contou que tentou levar adiante alguns projetos como a participa\u00e7\u00e3o na Feira de Dubai, no final do ano, para levar os produtos da regi\u00e3o para a exposi\u00e7\u00e3o internacional. Mas, segundo ele, \u00e9 hora de concentrar nas tarefas de vice-governador e tamb\u00e9m na coordena\u00e7\u00e3o do Comit\u00ea Todos Contra a Covid .<\/span><\/p>\n<p class=\"p1\"><span class=\"s1\"><b>Expans\u00e3o do BRB <\/b><\/span><\/p>\n<p class=\"p1\"><span class=\"s1\">Presidido pelo governador Ibaneis Rocha, o cons\u00f3rcio tem o objetivo de promover o desenvolvimento econ\u00f4mico e social de forma integrada<span class=\"Apple-converted-space\">\u00a0 <\/span>para tornar a regi\u00e3o ainda mais competitiva. Quem assume como secret\u00e1rio executivo no lugar do Paco Britto \u00e9 Jos\u00e9 Eduardo Pereira (foto acima),<span class=\"Apple-converted-space\">\u00a0<\/span>que acaba de deixar o comando da Secretaria de Desenvolvimento Econ\u00f4mico (SDE). O governador Ibaneis Rocha disse \u00e0 coluna que uma das miss\u00f5es ser\u00e1 levar adiante o plano de expans\u00e3o do BRB para regi\u00e3o Centro Oeste. \u201cEu criei esse cons\u00f3rcio e ele precisa agora apresentar resultados\u201d, apontou.<\/span><\/p>\n<p class=\"p1\"><span class=\"s1\"><b>Repercuss\u00e3o positiva <\/b><\/span><\/p>\n<p class=\"p1\"><span class=\"s1\">A ida do empres\u00e1rio M\u00e1rcio Farias Jr para a SDE foi bastante celebrada pelo empresariado local. A expectativa \u00e9 grande do setor que espera o destravamento de processos na \u00e1rea.<span class=\"Apple-converted-space\">\u00a0 <\/span>Somente no Pro DF e Desenvolve DF s\u00e3o 4 mil \u00e0 espera de andamento.<\/span><\/p>\n","protected":false},"excerpt":{"rendered":"<p>Por Samanta Sallum O vice-governador, Paco Britto, est\u00e1 deixando a coordena\u00e7\u00e3o do Cons\u00f3rcio Brasil Central que re\u00fane al\u00e9m do DF, os estados de Goi\u00e1s, Maranh\u00e3o, Mato Grosso, Mato Grosso do Sul, Rond\u00f4nia e Tocantins. Britto contou que tentou levar adiante alguns projetos como a participa\u00e7\u00e3o na Feira de Dubai, no final do ano, para levar os produtos da regi\u00e3o para [&hellip;]<\/p>\n","protected":false},"author":125,"featured_media":0,"comment_status":"open","ping_status":"open","sticky":false,"template":"","format":"standard","meta":{"footnotes":""},"categories":[6],"tags":[],"class_list":["post-5135","post","type-post","status-publish","format-standard","hentry","category-coluna-capital-s-a"],"_links":{"self":[{"href":"https:\/\/blogs.correiobraziliense.com.br\/capital-sa\/wp-json\/wp\/v2\/posts\/5135","targetHints":{"allow":["GET"]}}],"collection":[{"href":"https:\/\/blogs.correiobraziliense.com.br\/capital-sa\/wp-json\/wp\/v2\/posts"}],"about":[{"href":"https:\/\/blogs.correiobraziliense.com.br\/capital-sa\/wp-json\/wp\/v2\/types\/post"}],"author":[{"embeddable":true,"href":"https:\/\/blogs.correiobraziliense.com.br\/capital-sa\/wp-json\/wp\/v2\/users\/125"}],"replies":[{"embeddable":true,"href":"https:\/\/blogs.correiobraziliense.com.br\/capital-sa\/wp-json\/wp\/v2\/comments?post=5135"}],"version-history":[{"count":4,"href":"https:\/\/blogs.correiobraziliense.com.br\/capital-sa\/wp-json\/wp\/v2\/posts\/5135\/revisions"}],"predecessor-version":[{"id":5140,"href":"https:\/\/blogs.correiobraziliense.com.br\/capital-sa\/wp-json\/wp\/v2\/posts\/5135\/revisions\/5140"}],"wp:attachment":[{"href":"https:\/\/blogs.correiobraziliense.com.br\/capital-sa\/wp-json\/wp\/v2\/media?parent=5135"}],"wp:term":[{"taxonomy":"category","embeddable":true,"href":"https:\/\/blogs.correiobraziliense.com.br\/capital-sa\/wp-json\/wp\/v2\/categories?post=5135"},{"taxonomy":"post_tag","embeddable":true,"href":"https:\/\/blogs.correiobraziliense.com.br\/capital-sa\/wp-json\/wp\/v2\/tags?post=5135"}],"curies":[{"name":"wp","href":"https:\/\/api.w.org\/{rel}","templated":true}]}}