{"id":5067,"date":"2021-09-15T18:18:58","date_gmt":"2021-09-15T21:18:58","guid":{"rendered":"https:\/\/blogs.correiobraziliense.com.br\/capital-sa\/?p=5067"},"modified":"2021-09-15T18:53:13","modified_gmt":"2021-09-15T21:53:13","slug":"distritais-aprovam-r-91-milhoes-para-o-fac","status":"publish","type":"post","link":"https:\/\/blogs.correiobraziliense.com.br\/capital-sa\/2021\/09\/15\/distritais-aprovam-r-91-milhoes-para-o-fac\/","title":{"rendered":"Distritais aprovam R$ 91 milh\u00f5es para o FAC"},"content":{"rendered":"<p>Por Samanta Sallum<\/p>\n<p class=\"p1\"><span class=\"s1\">A C\u00e2mara Legislativa aprovou nesta tarde projeto do GDF que &#8220;abre cr\u00e9dito suplementar \u00e0 Lei Or\u00e7ament\u00e1ria Anual no\u00a0<\/span>valor de R$ 91,6 milh\u00f5es para o Fundo de Apoio \u00e0 Cultura (FAC)&#8221;.<\/p>\n<p class=\"p1\"><span class=\"s1\">A Secretaria de Cultura do DF corre contra o tempo para divulgar o resultado de editais do FAC j\u00e1 lan\u00e7ados este ano e para abrir novos. O objetivo \u00e9 executar o or\u00e7amento at\u00e9 dezembro, \u00a0pagando os projetos at\u00e9 dezembro, com eles ainda em andamento. Uma forma de dar um respiro ao setor cultural do DF, t\u00e3o prejudicado pela pandemia.<\/span><\/p>\n<p class=\"p1\"><span class=\"s1\"><b>Audiovisual <\/b><\/span><\/p>\n<p class=\"p1\"><span class=\"s1\">\u201cCom esse recurso, somado aos R$ 53 milh\u00f5es que j\u00e1 lan\u00e7amos no primeiro semestre, o DF det\u00e9m o maior programa de fomento \u00e0 Cultura do Brasil em 2021. Estamos dando prioridade \u00e0 periferia e Agentes Culturais que nunca tiveram acesso a recursos do FAC. Nas pr\u00f3ximas horas,<span class=\"Apple-converted-space\">\u00a0 <\/span>vamos divulgar as linhas de financiamento, destacando o audiovisual (cinema), eventos e festivais que v\u00e3o promover emprego e renda na cidade como nunca nesse segmento\u201d, disse o secret\u00e1rio de Cultura, Bartolomeu Rodrigues.<\/span><\/p>\n","protected":false},"excerpt":{"rendered":"<p>Por Samanta Sallum A C\u00e2mara Legislativa aprovou nesta tarde projeto do GDF que &#8220;abre cr\u00e9dito suplementar \u00e0 Lei Or\u00e7ament\u00e1ria Anual no\u00a0valor de R$ 91,6 milh\u00f5es para o Fundo de Apoio \u00e0 Cultura (FAC)&#8221;. A Secretaria de Cultura do DF corre contra o tempo para divulgar o resultado de editais do FAC j\u00e1 lan\u00e7ados este ano e para abrir novos. O [&hellip;]<\/p>\n","protected":false},"author":125,"featured_media":65,"comment_status":"open","ping_status":"open","sticky":false,"template":"","format":"standard","meta":{"footnotes":""},"categories":[1],"tags":[574,573,572,575,5],"class_list":["post-5067","post","type-post","status-publish","format-standard","has-post-thumbnail","hentry","category-sem-categoria","tag-cultura","tag-editais","tag-fac","tag-incentivo","tag-pandemia"],"_links":{"self":[{"href":"https:\/\/blogs.correiobraziliense.com.br\/capital-sa\/wp-json\/wp\/v2\/posts\/5067","targetHints":{"allow":["GET"]}}],"collection":[{"href":"https:\/\/blogs.correiobraziliense.com.br\/capital-sa\/wp-json\/wp\/v2\/posts"}],"about":[{"href":"https:\/\/blogs.correiobraziliense.com.br\/capital-sa\/wp-json\/wp\/v2\/types\/post"}],"author":[{"embeddable":true,"href":"https:\/\/blogs.correiobraziliense.com.br\/capital-sa\/wp-json\/wp\/v2\/users\/125"}],"replies":[{"embeddable":true,"href":"https:\/\/blogs.correiobraziliense.com.br\/capital-sa\/wp-json\/wp\/v2\/comments?post=5067"}],"version-history":[{"count":5,"href":"https:\/\/blogs.correiobraziliense.com.br\/capital-sa\/wp-json\/wp\/v2\/posts\/5067\/revisions"}],"predecessor-version":[{"id":5072,"href":"https:\/\/blogs.correiobraziliense.com.br\/capital-sa\/wp-json\/wp\/v2\/posts\/5067\/revisions\/5072"}],"wp:featuredmedia":[{"embeddable":true,"href":"https:\/\/blogs.correiobraziliense.com.br\/capital-sa\/wp-json\/wp\/v2\/media\/65"}],"wp:attachment":[{"href":"https:\/\/blogs.correiobraziliense.com.br\/capital-sa\/wp-json\/wp\/v2\/media?parent=5067"}],"wp:term":[{"taxonomy":"category","embeddable":true,"href":"https:\/\/blogs.correiobraziliense.com.br\/capital-sa\/wp-json\/wp\/v2\/categories?post=5067"},{"taxonomy":"post_tag","embeddable":true,"href":"https:\/\/blogs.correiobraziliense.com.br\/capital-sa\/wp-json\/wp\/v2\/tags?post=5067"}],"curies":[{"name":"wp","href":"https:\/\/api.w.org\/{rel}","templated":true}]}}