{"id":5061,"date":"2021-09-15T14:17:45","date_gmt":"2021-09-15T17:17:45","guid":{"rendered":"https:\/\/blogs.correiobraziliense.com.br\/capital-sa\/?p=5061"},"modified":"2021-09-15T14:20:43","modified_gmt":"2021-09-15T17:20:43","slug":"bolsonaro-inicia-obra-da-ferrovia-de-integracao-centro-oeste","status":"publish","type":"post","link":"https:\/\/blogs.correiobraziliense.com.br\/capital-sa\/2021\/09\/15\/bolsonaro-inicia-obra-da-ferrovia-de-integracao-centro-oeste\/","title":{"rendered":"Bolsonaro inicia obra da Ferrovia de Integra\u00e7\u00e3o Centro-Oeste"},"content":{"rendered":"<p>O ministro da Infraestrutura, Tarc\u00edsio Gomes de Freitas, participa na sexta-feira (17), de uma solenidade que marcar\u00e1 o in\u00edcio da constru\u00e7\u00e3o da Ferrovia de Integra\u00e7\u00e3o Centro-Oeste (Fico), no munic\u00edpio de Mara Rosa (GO).<\/p>\n<p>O evento integra a programa\u00e7\u00e3o do Setembro Ferrovi\u00e1rio, m\u00eas dedicado pelo Governo Federal \u00e0 expans\u00e3o do transporte por trilhos no pa\u00eds, e ser\u00e1 realizado no ponto onde a Fico se conectar\u00e1 \u00e0 Ferrovia Norte-Sul (FNS). A previs\u00e3o \u00e9 que o presidente da Rep\u00fablica, Jair Bolsonaro, tamb\u00e9m participe do lan\u00e7amento das obras.<\/p>\n<p>Ser\u00e3o investidos R$ 2,7 bilh\u00f5es na implanta\u00e7\u00e3o de 383 quil\u00f4metros de novos trilhos, entre Mara Rosa e \u00c1gua Boa (MT), interligando o Vale do Araguaia \u00e0 FNS e favorecendo o escoamento da safra aos portos de Santos (SP), Itaqui (MA) e, no futuro, Ilh\u00e9us (BA).<\/p>\n<p>A constru\u00e7\u00e3o da Fico foi possibilitada por investimento cruzado, utilizando a outorga da renova\u00e7\u00e3o antecipada de contrato com a Vale S\/A pela Estrada de Ferro Vit\u00f3ria-Minas. Vale e Valec s\u00e3o parceiras na execu\u00e7\u00e3o da obra, que deve gerar 4,6 mil empregos diretos e indiretos.<\/p>\n<p>Assim, o empreendimento \u00e9 fundamental \u00e0 expans\u00e3o da malha ferrovi\u00e1ria, ao reequil\u00edbrio da matriz de transporte e \u00e0 redu\u00e7\u00e3o do custo log\u00edstico para tornar o produto brasileiro mais competitivo no exterior.<\/p>\n<p>A Fico poder\u00e1 ser estendida futuramente at\u00e9 Lucas do Rio Verde (MT) \u2013 o Minist\u00e9rio da Infraestrutura j\u00e1 avalia pedido de investidor privado para construir e operar o trecho, por meio de autoriza\u00e7\u00e3o ferrovi\u00e1ria.<\/p>\n<p>&nbsp;<\/p>\n","protected":false},"excerpt":{"rendered":"<p>O ministro da Infraestrutura, Tarc\u00edsio Gomes de Freitas, participa na sexta-feira (17), de uma solenidade que marcar\u00e1 o in\u00edcio da constru\u00e7\u00e3o da Ferrovia de Integra\u00e7\u00e3o Centro-Oeste (Fico), no munic\u00edpio de Mara Rosa (GO). O evento integra a programa\u00e7\u00e3o do Setembro Ferrovi\u00e1rio, m\u00eas dedicado pelo Governo Federal \u00e0 expans\u00e3o do transporte por trilhos no pa\u00eds, e ser\u00e1 realizado no ponto onde [&hellip;]<\/p>\n","protected":false},"author":125,"featured_media":5064,"comment_status":"open","ping_status":"open","sticky":false,"template":"","format":"standard","meta":{"footnotes":""},"categories":[6],"tags":[],"class_list":["post-5061","post","type-post","status-publish","format-standard","has-post-thumbnail","hentry","category-coluna-capital-s-a"],"_links":{"self":[{"href":"https:\/\/blogs.correiobraziliense.com.br\/capital-sa\/wp-json\/wp\/v2\/posts\/5061","targetHints":{"allow":["GET"]}}],"collection":[{"href":"https:\/\/blogs.correiobraziliense.com.br\/capital-sa\/wp-json\/wp\/v2\/posts"}],"about":[{"href":"https:\/\/blogs.correiobraziliense.com.br\/capital-sa\/wp-json\/wp\/v2\/types\/post"}],"author":[{"embeddable":true,"href":"https:\/\/blogs.correiobraziliense.com.br\/capital-sa\/wp-json\/wp\/v2\/users\/125"}],"replies":[{"embeddable":true,"href":"https:\/\/blogs.correiobraziliense.com.br\/capital-sa\/wp-json\/wp\/v2\/comments?post=5061"}],"version-history":[{"count":3,"href":"https:\/\/blogs.correiobraziliense.com.br\/capital-sa\/wp-json\/wp\/v2\/posts\/5061\/revisions"}],"predecessor-version":[{"id":5066,"href":"https:\/\/blogs.correiobraziliense.com.br\/capital-sa\/wp-json\/wp\/v2\/posts\/5061\/revisions\/5066"}],"wp:featuredmedia":[{"embeddable":true,"href":"https:\/\/blogs.correiobraziliense.com.br\/capital-sa\/wp-json\/wp\/v2\/media\/5064"}],"wp:attachment":[{"href":"https:\/\/blogs.correiobraziliense.com.br\/capital-sa\/wp-json\/wp\/v2\/media?parent=5061"}],"wp:term":[{"taxonomy":"category","embeddable":true,"href":"https:\/\/blogs.correiobraziliense.com.br\/capital-sa\/wp-json\/wp\/v2\/categories?post=5061"},{"taxonomy":"post_tag","embeddable":true,"href":"https:\/\/blogs.correiobraziliense.com.br\/capital-sa\/wp-json\/wp\/v2\/tags?post=5061"}],"curies":[{"name":"wp","href":"https:\/\/api.w.org\/{rel}","templated":true}]}}