{"id":5019,"date":"2021-09-14T01:23:26","date_gmt":"2021-09-14T04:23:26","guid":{"rendered":"https:\/\/blogs.correiobraziliense.com.br\/capital-sa\/?p=5019"},"modified":"2021-09-14T01:23:26","modified_gmt":"2021-09-14T04:23:26","slug":"moda-gaucha-no-cerrado","status":"publish","type":"post","link":"https:\/\/blogs.correiobraziliense.com.br\/capital-sa\/2021\/09\/14\/moda-gaucha-no-cerrado\/","title":{"rendered":"Moda ga\u00facha no cerrado"},"content":{"rendered":"<p class=\"p1\">A marca ga\u00facha Dani.Holzbach, rec\u00e9m-chegada \u00e0 capital, celebrou a\u00a0 nova cole\u00e7\u00e3o, em coquetel na loja da QI 5 do Lago Sul, com a participa\u00e7\u00e3o da estilista que d\u00e1 nome \u00e0 marca. Dani veio especialmente para a ocasi\u00e3o. Bras\u00edlia \u00e9 a primeira cidade fora do Rio Grande do Sul a ganhar uma franquia da marca, que existe desde 2008.<\/p>\n<p class=\"p1\"><span class=\"s1\">\u201cVejo em Bras\u00edlia uma identifica\u00e7\u00e3o com a moda que fa\u00e7o. Aqui tamb\u00e9m tem uma bela natureza, al\u00e9m da sensacional arquitetura\u201d, disse Dani. A amiga, tamb\u00e9m ga\u00facha, Luana Cavalheiro \u00e9 a propriet\u00e1ria da loja em Bras\u00edlia. O coquetel teve a presen\u00e7a da primeira-dama do DF e secret\u00e1ria de Desenvolvimento Social, Mayara Noronha.<\/span><\/p>\n","protected":false},"excerpt":{"rendered":"<p>A marca ga\u00facha Dani.Holzbach, rec\u00e9m-chegada \u00e0 capital, celebrou a\u00a0 nova cole\u00e7\u00e3o, em coquetel na loja da QI 5 do Lago Sul, com a participa\u00e7\u00e3o da estilista que d\u00e1 nome \u00e0 marca. Dani veio especialmente para a ocasi\u00e3o. Bras\u00edlia \u00e9 a primeira cidade fora do Rio Grande do Sul a ganhar uma franquia da marca, que existe desde 2008. \u201cVejo em [&hellip;]<\/p>\n","protected":false},"author":125,"featured_media":5022,"comment_status":"open","ping_status":"open","sticky":false,"template":"","format":"standard","meta":{"footnotes":""},"categories":[6],"tags":[],"class_list":["post-5019","post","type-post","status-publish","format-standard","has-post-thumbnail","hentry","category-coluna-capital-s-a"],"_links":{"self":[{"href":"https:\/\/blogs.correiobraziliense.com.br\/capital-sa\/wp-json\/wp\/v2\/posts\/5019","targetHints":{"allow":["GET"]}}],"collection":[{"href":"https:\/\/blogs.correiobraziliense.com.br\/capital-sa\/wp-json\/wp\/v2\/posts"}],"about":[{"href":"https:\/\/blogs.correiobraziliense.com.br\/capital-sa\/wp-json\/wp\/v2\/types\/post"}],"author":[{"embeddable":true,"href":"https:\/\/blogs.correiobraziliense.com.br\/capital-sa\/wp-json\/wp\/v2\/users\/125"}],"replies":[{"embeddable":true,"href":"https:\/\/blogs.correiobraziliense.com.br\/capital-sa\/wp-json\/wp\/v2\/comments?post=5019"}],"version-history":[{"count":2,"href":"https:\/\/blogs.correiobraziliense.com.br\/capital-sa\/wp-json\/wp\/v2\/posts\/5019\/revisions"}],"predecessor-version":[{"id":5021,"href":"https:\/\/blogs.correiobraziliense.com.br\/capital-sa\/wp-json\/wp\/v2\/posts\/5019\/revisions\/5021"}],"wp:featuredmedia":[{"embeddable":true,"href":"https:\/\/blogs.correiobraziliense.com.br\/capital-sa\/wp-json\/wp\/v2\/media\/5022"}],"wp:attachment":[{"href":"https:\/\/blogs.correiobraziliense.com.br\/capital-sa\/wp-json\/wp\/v2\/media?parent=5019"}],"wp:term":[{"taxonomy":"category","embeddable":true,"href":"https:\/\/blogs.correiobraziliense.com.br\/capital-sa\/wp-json\/wp\/v2\/categories?post=5019"},{"taxonomy":"post_tag","embeddable":true,"href":"https:\/\/blogs.correiobraziliense.com.br\/capital-sa\/wp-json\/wp\/v2\/tags?post=5019"}],"curies":[{"name":"wp","href":"https:\/\/api.w.org\/{rel}","templated":true}]}}