{"id":5007,"date":"2021-09-13T08:00:03","date_gmt":"2021-09-13T11:00:03","guid":{"rendered":"https:\/\/blogs.correiobraziliense.com.br\/capital-sa\/?p=5007"},"modified":"2021-09-13T03:00:13","modified_gmt":"2021-09-13T06:00:13","slug":"alta-dos-combustiveis-de-quem-e-a-culpa","status":"publish","type":"post","link":"https:\/\/blogs.correiobraziliense.com.br\/capital-sa\/2021\/09\/13\/alta-dos-combustiveis-de-quem-e-a-culpa\/","title":{"rendered":"Alta dos combust\u00edveis: de quem \u00e9 a culpa?"},"content":{"rendered":"<p class=\"p1\"><span class=\"s1\">Por Samanta Sallum <\/span><\/p>\n<p class=\"p1\"><span class=\"s1\">Os estados reagiram \u00e0s divulga\u00e7\u00f5es da Petrobras, nas quais se isenta da alta dos combust\u00edveis. A guerra da ret\u00f3rica foi parar na Justi\u00e7a. Doze procuradores do pa\u00eds assinaram a\u00e7\u00e3o, denunciando a empresa por propaganda enganosa. Nos \u00faltimos meses, o presidente Jair Bolsonaro vinha jogando a batata quente para os estados e para os postos.\u00a0<\/span>A culpa seria do ICMS e da margem de lucro dos revendedores.<\/p>\n<p class=\"p1\"><span class=\"s1\">Aqui na capital federal, o governador, Ibaneis Rocha, e o secret\u00e1rio de Economia, Andr\u00e9 Clemente, rebateram.<span class=\"Apple-converted-space\">\u00a0 <\/span>\u201cNenhum governador em nenhum estado aumentou o ICMS dos combust\u00edveis. Foram nove reajustes de combust\u00edveis pela Petrobras\u201d, declarou Ibaneis em agosto.<\/span><\/p>\n<p class=\"p1\"><span class=\"s1\"><b>Procuradoria do DF<\/b><\/span><\/p>\n<p class=\"p1\"><span class=\"s1\">Al\u00e9m disso, o governador do DF afirmou que o problema tinha rela\u00e7\u00e3o com a instabilidade pol\u00edtica do Brasil e defendeu a melhoria no di\u00e1logo entre os Poderes. A procuradora do DF, Ludmila Lavocat Galv\u00e3o, \u00e9 uma das signat\u00e1rias da a\u00e7\u00e3o judicial contra a Petrobras. Os procuradores do Rio Grande do Sul, Par\u00e1, Maranh\u00e3o, Sergipe, Piau\u00ed, Bahia, Amazonas, Pernambuco, Esp\u00edrito Santo, Goi\u00e1s, Amap\u00e1 e Minas Gerais tamb\u00e9m assinam o documento.<br \/>\n<\/span><\/p>\n<p class=\"p1\"><span class=\"s1\">A a\u00e7\u00e3o, que pede a retirada imediata da \u201cpropaganda enganosa\u201d das redes sociais da Petrobras\u00a0<\/span><span class=\"s1\">est\u00e1 na Vara C\u00edvel de Bras\u00edlia.<\/span><\/p>\n<p><b>A parte de cada um no pre\u00e7o final\u00a0<\/b><\/p>\n<p><img loading=\"lazy\" decoding=\"async\" class=\"aligncenter size-medium wp-image-5013\" src=\"https:\/\/blogs.correiobraziliense.com.br\/capital-sa\/wp-content\/uploads\/sites\/59\/2021\/09\/D8EEB3C1-C705-4A9A-94D4-B3F0068E14C9-300x253.jpeg\" alt=\"\" width=\"300\" height=\"253\" srcset=\"https:\/\/blogs.correiobraziliense.com.br\/capital-sa\/wp-content\/uploads\/sites\/59\/2021\/09\/D8EEB3C1-C705-4A9A-94D4-B3F0068E14C9-300x253.jpeg 300w, https:\/\/blogs.correiobraziliense.com.br\/capital-sa\/wp-content\/uploads\/sites\/59\/2021\/09\/D8EEB3C1-C705-4A9A-94D4-B3F0068E14C9-550x463.jpeg 550w, https:\/\/blogs.correiobraziliense.com.br\/capital-sa\/wp-content\/uploads\/sites\/59\/2021\/09\/D8EEB3C1-C705-4A9A-94D4-B3F0068E14C9-230x194.jpeg 230w, https:\/\/blogs.correiobraziliense.com.br\/capital-sa\/wp-content\/uploads\/sites\/59\/2021\/09\/D8EEB3C1-C705-4A9A-94D4-B3F0068E14C9.jpeg 640w\" sizes=\"auto, (max-width: 300px) 100vw, 300px\" \/><\/p>\n<p><b>Revendedores se defendem<\/b><\/p>\n<p class=\"p1\"><span class=\"s1\">O Sindicombust\u00edveis no DF tamb\u00e9m se defendeu em nota p\u00fablica. \u201cFica numericamente claro que a revenda n\u00e3o tem nenhuma participa\u00e7\u00e3o nesta eleva\u00e7\u00e3o de pre\u00e7os dos combust\u00edveis, mas apenas o repasse referente aos reajustes ocorridos em um mercado livre que sofre forte influ\u00eancia internacional dos pre\u00e7os do petr\u00f3leo e da varia\u00e7\u00e3o cambial no Brasil\u201d, afirmou o Sindicombust\u00edveis no DF.<\/span><\/p>\n<p class=\"p1\"><span class=\"s1\"><b>Redu\u00e7\u00e3o de ICMS<\/b><\/span><\/p>\n<p class=\"p1\"><span class=\"s1\">Nesta semana, a C\u00e2mara Legislativa deve aprovar<span class=\"Apple-converted-space\">\u00a0<\/span>projeto de lei do GDF para que o ICMS caia 3% em tr\u00eas anos e retome ao patamar cobrado h\u00e1 seis.<\/span><\/p>\n<p class=\"p1\"><span class=\"s1\">O governo local pretende renunciar a uma receita de R$ 345 milh\u00f5es at\u00e9 2024. <\/span><\/p>\n<p class=\"p1\"><span class=\"s1\">Atualmente, a al\u00edquota no DF para o \u00e1lcool e a gasolina \u00e9 de 28% e, no caso do diesel, 15%. Ser\u00e3o reduzidas para 25% e 12%, respectivamente. Isso far\u00e1 a capital federal retomar a menor taxa de ICMS praticada no Brasil. Ibaneis j\u00e1 tinha prometido a medida ao setor antes mesmo da pol\u00eamica. Mas, em meio ao debate, decidiu agilizar o projeto como cota de contribui\u00e7\u00e3o do governo local para a redu\u00e7\u00e3o dos pre\u00e7os.<\/span><\/p>\n","protected":false},"excerpt":{"rendered":"<p>Por Samanta Sallum Os estados reagiram \u00e0s divulga\u00e7\u00f5es da Petrobras, nas quais se isenta da alta dos combust\u00edveis. A guerra da ret\u00f3rica foi parar na Justi\u00e7a. Doze procuradores do pa\u00eds assinaram a\u00e7\u00e3o, denunciando a empresa por propaganda enganosa. Nos \u00faltimos meses, o presidente Jair Bolsonaro vinha jogando a batata quente para os estados e para os postos.\u00a0A culpa seria do [&hellip;]<\/p>\n","protected":false},"author":125,"featured_media":5011,"comment_status":"open","ping_status":"open","sticky":false,"template":"","format":"standard","meta":{"footnotes":""},"categories":[6],"tags":[],"class_list":["post-5007","post","type-post","status-publish","format-standard","has-post-thumbnail","hentry","category-coluna-capital-s-a"],"_links":{"self":[{"href":"https:\/\/blogs.correiobraziliense.com.br\/capital-sa\/wp-json\/wp\/v2\/posts\/5007","targetHints":{"allow":["GET"]}}],"collection":[{"href":"https:\/\/blogs.correiobraziliense.com.br\/capital-sa\/wp-json\/wp\/v2\/posts"}],"about":[{"href":"https:\/\/blogs.correiobraziliense.com.br\/capital-sa\/wp-json\/wp\/v2\/types\/post"}],"author":[{"embeddable":true,"href":"https:\/\/blogs.correiobraziliense.com.br\/capital-sa\/wp-json\/wp\/v2\/users\/125"}],"replies":[{"embeddable":true,"href":"https:\/\/blogs.correiobraziliense.com.br\/capital-sa\/wp-json\/wp\/v2\/comments?post=5007"}],"version-history":[{"count":8,"href":"https:\/\/blogs.correiobraziliense.com.br\/capital-sa\/wp-json\/wp\/v2\/posts\/5007\/revisions"}],"predecessor-version":[{"id":5018,"href":"https:\/\/blogs.correiobraziliense.com.br\/capital-sa\/wp-json\/wp\/v2\/posts\/5007\/revisions\/5018"}],"wp:featuredmedia":[{"embeddable":true,"href":"https:\/\/blogs.correiobraziliense.com.br\/capital-sa\/wp-json\/wp\/v2\/media\/5011"}],"wp:attachment":[{"href":"https:\/\/blogs.correiobraziliense.com.br\/capital-sa\/wp-json\/wp\/v2\/media?parent=5007"}],"wp:term":[{"taxonomy":"category","embeddable":true,"href":"https:\/\/blogs.correiobraziliense.com.br\/capital-sa\/wp-json\/wp\/v2\/categories?post=5007"},{"taxonomy":"post_tag","embeddable":true,"href":"https:\/\/blogs.correiobraziliense.com.br\/capital-sa\/wp-json\/wp\/v2\/tags?post=5007"}],"curies":[{"name":"wp","href":"https:\/\/api.w.org\/{rel}","templated":true}]}}