{"id":4912,"date":"2021-09-08T18:54:20","date_gmt":"2021-09-08T21:54:20","guid":{"rendered":"https:\/\/blogs.correiobraziliense.com.br\/capital-sa\/?p=4912"},"modified":"2021-09-08T19:13:41","modified_gmt":"2021-09-08T22:13:41","slug":"mane-perde-jogo-do-flamengo-para-o-maracana-fecomercio-pede-a-ibaneis-partida-no-df","status":"publish","type":"post","link":"https:\/\/blogs.correiobraziliense.com.br\/capital-sa\/2021\/09\/08\/mane-perde-jogo-do-flamengo-para-o-maracana-fecomercio-pede-a-ibaneis-partida-no-df\/","title":{"rendered":"Man\u00e9 perde jogo do Flamengo para o Maracan\u00e3. Fecom\u00e9rcio pede a Ibaneis partida no DF"},"content":{"rendered":"<p class=\"p1\">Por Samanta Sallum<\/p>\n<p class=\"p1\"><span class=\"s1\">O Flamengo mudou o jogo previsto em Bras\u00edlia contra o Barcelona (EQU) no dia 22 de setembro para o Maracan\u00e3. Em busca de mais p\u00fablico, \u00a0tinha pedido ao GDF que flexibilizasse as regras de acesso ao est\u00e1dio Man\u00e9 Garrincha.<\/span><\/p>\n<p class=\"p1\"><span class=\"s1\">A Fecom\u00e9rcio-DF encaminhou<span class=\"Apple-converted-space\">\u00a0<\/span>of\u00edcio ao governador Ibaneis Rocha para que seja poss\u00edvel a realiza\u00e7\u00e3o de \u201cuma in\u00e9dita e ic\u00f4nica semifinal da Copa Conmebol Libertadores em Bras\u00edlia\u201d. Mas, para isso, o Flamengo pede ajustes ao Protocolo de retomada do torcedor aos est\u00e1dios em rela\u00e7\u00e3o ao utilizado nas \u00faltimas partidas realizadas no Man\u00e9 Garrincha.<\/span><\/p>\n<p class=\"p1\"><b>Mudan\u00e7as no protocolo<\/b><\/p>\n<p class=\"p1\"><span class=\"s1\">&#8211; \u00a0Utiliza\u00e7\u00e3o de 50% (cinquenta por cento) da capacidade de p\u00fablico do Est\u00e1dio Man\u00e9 Garrincha;<br \/>\n<\/span><\/p>\n<p class=\"p1\">&#8211; Possibilidade de ingresso dos torcedores no est\u00e1dio, inclu\u00eddos menores e gestantes, mediante (I) comprova\u00e7\u00e3o de n\u00e3o contamina\u00e7\u00e3o por resultado negativo de Teste Ant\u00edgeno de Covid-19, realizado com 72 (setenta e duas) horas de anteced\u00eancia da partida de futebol, ou, (II) por meio de comprovante de comprovante de imuniza\u00e7\u00e3o contra o Covid-19, com a segunda dose da vacina ou a dose \u00fanica, nos casos de indicados pelo fabricante, administrada pelo menos quinze dias antes da realiza\u00e7\u00e3o da partida;<\/p>\n<p class=\"p1\"><span class=\"s1\"> &#8211; Desnecessidade de separa\u00e7\u00e3o por setores de pessoas vacinadas e de pessoas testadas.<\/span><\/p>\n<p class=\"p1\"><b><span class=\"s1\">Para aquecer\u00a0<\/span>a economia local<\/b><\/p>\n<p class=\"p1\">\u201cConsiderando a magnitude do evento, bem como a import\u00e2ncia de todas as demais oportunidades futebol\u00edsticas que se abrir\u00e3o, a FECOMERCIO vem a Vossa Excel\u00eancia refor\u00e7ar o pleito do FLAMENGO, certa que se trata de uma oportunidade \u00fanica para receber milhares de turistas em nossa cidade e, com isso, ativar toda a ind\u00fastria ligada a eventos dessa natureza, como hotelaria, restaurantes,\u00a0bares, log\u00edstica de transporte e servi\u00e7os das mais diversas naturezas, trazendo recursos para as empresas, renda para as pessoas e arrecada\u00e7\u00e3o para o Estado\u201d, aponta o documento assinado pelo presidente da Fecom\u00e9rcio-DF, Jos\u00e9 Aparecido Freire.<\/p>\n<p>&nbsp;<\/p>\n","protected":false},"excerpt":{"rendered":"<p>Por Samanta Sallum O Flamengo mudou o jogo previsto em Bras\u00edlia contra o Barcelona (EQU) no dia 22 de setembro para o Maracan\u00e3. Em busca de mais p\u00fablico, \u00a0tinha pedido ao GDF que flexibilizasse as regras de acesso ao est\u00e1dio Man\u00e9 Garrincha. A Fecom\u00e9rcio-DF encaminhou\u00a0of\u00edcio ao governador Ibaneis Rocha para que seja poss\u00edvel a realiza\u00e7\u00e3o de \u201cuma in\u00e9dita e ic\u00f4nica [&hellip;]<\/p>\n","protected":false},"author":125,"featured_media":0,"comment_status":"open","ping_status":"open","sticky":false,"template":"","format":"standard","meta":{"footnotes":""},"categories":[6],"tags":[],"class_list":["post-4912","post","type-post","status-publish","format-standard","hentry","category-coluna-capital-s-a"],"_links":{"self":[{"href":"https:\/\/blogs.correiobraziliense.com.br\/capital-sa\/wp-json\/wp\/v2\/posts\/4912","targetHints":{"allow":["GET"]}}],"collection":[{"href":"https:\/\/blogs.correiobraziliense.com.br\/capital-sa\/wp-json\/wp\/v2\/posts"}],"about":[{"href":"https:\/\/blogs.correiobraziliense.com.br\/capital-sa\/wp-json\/wp\/v2\/types\/post"}],"author":[{"embeddable":true,"href":"https:\/\/blogs.correiobraziliense.com.br\/capital-sa\/wp-json\/wp\/v2\/users\/125"}],"replies":[{"embeddable":true,"href":"https:\/\/blogs.correiobraziliense.com.br\/capital-sa\/wp-json\/wp\/v2\/comments?post=4912"}],"version-history":[{"count":8,"href":"https:\/\/blogs.correiobraziliense.com.br\/capital-sa\/wp-json\/wp\/v2\/posts\/4912\/revisions"}],"predecessor-version":[{"id":4921,"href":"https:\/\/blogs.correiobraziliense.com.br\/capital-sa\/wp-json\/wp\/v2\/posts\/4912\/revisions\/4921"}],"wp:attachment":[{"href":"https:\/\/blogs.correiobraziliense.com.br\/capital-sa\/wp-json\/wp\/v2\/media?parent=4912"}],"wp:term":[{"taxonomy":"category","embeddable":true,"href":"https:\/\/blogs.correiobraziliense.com.br\/capital-sa\/wp-json\/wp\/v2\/categories?post=4912"},{"taxonomy":"post_tag","embeddable":true,"href":"https:\/\/blogs.correiobraziliense.com.br\/capital-sa\/wp-json\/wp\/v2\/tags?post=4912"}],"curies":[{"name":"wp","href":"https:\/\/api.w.org\/{rel}","templated":true}]}}